{"id":10090,"date":"2007-06-28T16:12:00","date_gmt":"2007-06-28T16:12:00","guid":{"rendered":"http:\/\/localhost:81\/wp1\/?p=10090"},"modified":"2007-06-28T16:12:00","modified_gmt":"2007-06-28T16:12:00","slug":"todo-o-pai-sonha-para-o-seu-filho-o-melhor","status":"publish","type":"post","link":"https:\/\/sites.ecclesia.pt\/cv\/todo-o-pai-sonha-para-o-seu-filho-o-melhor\/","title":{"rendered":"Todo o pai sonha para o seu filho o melhor"},"content":{"rendered":"<p>JOS\u00c9 AIDOS *<\/p>\n<p>Todo o pai sonha para o seu filho o melhor. Um pai consciente do mundo controverso que nos rodeia, com uma multiplicidade de ofertas, tem uma oportunidade acrescida que \u00e9 dar ao seu filho uma educa\u00e7\u00e3o que assente em valores s\u00f3lidos que sirvam de base \u00e0 constru\u00e7\u00e3o de um ser humano digno e feliz.<\/p>\n<p>Hoje, Pai e M\u00e3e t\u00eam necessidade de exercer uma actividade profissional, o que n\u00e3o permite um maior acompanhamento do crescimento e forma\u00e7\u00e3o dos filhos. O tempo, por vezes, n\u00e3o parece o suficiente para dar aos filhos uma educa\u00e7\u00e3o completa em atitudes e valores. Deste modo, os pais conscientes da forma\u00e7\u00e3o facultada pela disciplina de Educa\u00e7\u00e3o Moral e Religiosa Cat\u00f3lica socorrem-se dela para completar a educa\u00e7\u00e3o dos filhos.<\/p>\n<p>Eu, como pai, acredito na disciplina de EMRC pela verdade e seriedade dos conte\u00fados.<\/p>\n<p>Esta aula, que, parecendo mais uma no curr\u00edculo, n\u00e3o \u00e9 uma sobrecarga no hor\u00e1rio, \u00e9 uma mais valia. A\u00ed, a minha filha tem a oportunidade de reflectir sobre a vida e os seus problemas, confrontar saberes e esclarecer algumas interroga\u00e7\u00f5es existenciais, numa linha de valores crist\u00e3os.<\/p>\n<p>Penso que \u00e9 importante que os pais continuem a aproveitar esta oferta da Escola e da Igreja, pois considero um investimento na educa\u00e7\u00e3o e forma\u00e7\u00e3o de valores dos nossos filhos, n\u00e3o s\u00f3 com resultados imediatos mas com repercuss\u00f5es ao longo da vida.<\/p>\n<p>Mais concretamente, no que se refere \u00e0 constru\u00e7\u00e3o de cidad\u00e3os l\u00facidos, activos e empenhados na felicidade de todos.<\/p>\n<p>Que Deus continue a dar for\u00e7as aos professores de moral para continuarem a sua miss\u00e3o, t\u00e3o necess\u00e1ria \u00e0 sociedade actual.<\/p>\n<p>* Presidente da Associa\u00e7\u00e3o de Pais do Agrupamento de Escolas de Albergaria-a-Velha.<\/p>\n<p>Este texto foi proferido no dia 11 de Maio, no grande encontro de alunos de EMRC da \u00e1rea da diocese, em Albergaria-a-Velha.<\/p>\n","protected":false},"excerpt":{"rendered":"<p>JOS\u00c9 AIDOS * Todo o pai sonha para o seu filho o melhor. Um pai consciente do mundo controverso que nos rodeia, com uma multiplicidade de ofertas, tem uma oportunidade acrescida que \u00e9 dar ao seu filho uma educa\u00e7\u00e3o que assente em valores s\u00f3lidos que sirvam de base \u00e0 constru\u00e7\u00e3o de um ser humano digno [&hellip;]<\/p>\n","protected":false},"author":1,"featured_media":0,"comment_status":"open","ping_status":"open","sticky":false,"template":"","format":"standard","meta":{"footnotes":""},"categories":[62],"tags":[],"class_list":["post-10090","post","type-post","status-publish","format-standard","hentry","category-opiniao"],"_links":{"self":[{"href":"https:\/\/sites.ecclesia.pt\/cv\/wp-json\/wp\/v2\/posts\/10090","targetHints":{"allow":["GET"]}}],"collection":[{"href":"https:\/\/sites.ecclesia.pt\/cv\/wp-json\/wp\/v2\/posts"}],"about":[{"href":"https:\/\/sites.ecclesia.pt\/cv\/wp-json\/wp\/v2\/types\/post"}],"author":[{"embeddable":true,"href":"https:\/\/sites.ecclesia.pt\/cv\/wp-json\/wp\/v2\/users\/1"}],"replies":[{"embeddable":true,"href":"https:\/\/sites.ecclesia.pt\/cv\/wp-json\/wp\/v2\/comments?post=10090"}],"version-history":[{"count":0,"href":"https:\/\/sites.ecclesia.pt\/cv\/wp-json\/wp\/v2\/posts\/10090\/revisions"}],"wp:attachment":[{"href":"https:\/\/sites.ecclesia.pt\/cv\/wp-json\/wp\/v2\/media?parent=10090"}],"wp:term":[{"taxonomy":"category","embeddable":true,"href":"https:\/\/sites.ecclesia.pt\/cv\/wp-json\/wp\/v2\/categories?post=10090"},{"taxonomy":"post_tag","embeddable":true,"href":"https:\/\/sites.ecclesia.pt\/cv\/wp-json\/wp\/v2\/tags?post=10090"}],"curies":[{"name":"wp","href":"https:\/\/api.w.org\/{rel}","templated":true}]}}