{"id":10108,"date":"2007-07-04T11:51:00","date_gmt":"2007-07-04T11:51:00","guid":{"rendered":"http:\/\/localhost:81\/wp1\/?p=10108"},"modified":"2007-07-04T11:51:00","modified_gmt":"2007-07-04T11:51:00","slug":"como-transformar-lagrimas-em-sorrisos","status":"publish","type":"post","link":"https:\/\/sites.ecclesia.pt\/cv\/como-transformar-lagrimas-em-sorrisos\/","title":{"rendered":"Como transformar l\u00e1grimas em sorrisos"},"content":{"rendered":"<p>\u201cJunte-se a esta causa!\u201d apela a Orbis \u2013 Coopera\u00e7\u00e3o e Desenvolvimento, organiza\u00e7\u00e3o n\u00e3o governamental criada em Setembro de 2006, ligada ao Secretariado Diocesano de Ac\u00e7\u00e3o e Anima\u00e7\u00e3o Mission\u00e1ria, e que, desde h\u00e1 dias, tem o seu \u201csite\u201d em http:\/\/www.orbiscooperation \u00ab.org.<\/p>\n<p>\u201cAcreditamos que, onde houver uma l\u00e1grima, \u00e9 nossa Miss\u00e3o acorrer \u00e0 sua transforma\u00e7\u00e3o em sorriso, serenidade e paz\u201d \u2013 l\u00ea-se logo \u00e0 entrada do \u201csite\u201d constru\u00eddo sobre bel\u00edssimas imagens a preto e branco.<\/p>\n<p>H\u00e1 v\u00e1rias formas de colaborar com a Orbis e, deste modo, transformar l\u00e1grimas em sorrisos. A primeira \u00e9 fazendo-se s\u00f3cio. A segunda \u00e9 participando numa das campanhas que a ONG est\u00e1 a levar a cabo: adop\u00e7\u00e3o de uma crian\u00e7a \u00e0 dist\u00e2ncia (pagando-lhe a educa\u00e7\u00e3o e a alimenta\u00e7\u00e3o \u2013 custa s\u00f3 10 a 15 euros por m\u00eas!); ajuda \u00e0 constru\u00e7\u00e3o de uma Igreja em Timor-Leste; ou financiamento de um bote para a assist\u00eancia de uma povoa\u00e7\u00e3o na Amaz\u00f3nia. A terceira \u00e9 dando donativos sem fim espec\u00edfico (dedut\u00edveis nos impostos). E a quarta \u00e9 tornando-se volunt\u00e1rio.<\/p>\n<p>Sobre todas estas maneiras de ajudar h\u00e1 mais informa\u00e7\u00f5es no \u201csite\u201d e na sede da Orbis, que fica no Centro Universit\u00e1rio F\u00e9 e Cultura, entre o Semin\u00e1rio de Santa Joana e a Universidade de Aveiro. A Orbis pode ainda ser contactada pelos telefones 234420600 ou 965653081.<\/p>\n","protected":false},"excerpt":{"rendered":"<p>\u201cJunte-se a esta causa!\u201d apela a Orbis \u2013 Coopera\u00e7\u00e3o e Desenvolvimento, organiza\u00e7\u00e3o n\u00e3o governamental criada em Setembro de 2006, ligada ao Secretariado Diocesano de Ac\u00e7\u00e3o e Anima\u00e7\u00e3o Mission\u00e1ria, e que, desde h\u00e1 dias, tem o seu \u201csite\u201d em http:\/\/www.orbiscooperation \u00ab.org. \u201cAcreditamos que, onde houver uma l\u00e1grima, \u00e9 nossa Miss\u00e3o acorrer \u00e0 sua transforma\u00e7\u00e3o em sorriso, [&hellip;]<\/p>\n","protected":false},"author":1,"featured_media":0,"comment_status":"open","ping_status":"open","sticky":false,"template":"","format":"standard","meta":{"footnotes":""},"categories":[51],"tags":[],"class_list":["post-10108","post","type-post","status-publish","format-standard","hentry","category-jovens"],"_links":{"self":[{"href":"https:\/\/sites.ecclesia.pt\/cv\/wp-json\/wp\/v2\/posts\/10108","targetHints":{"allow":["GET"]}}],"collection":[{"href":"https:\/\/sites.ecclesia.pt\/cv\/wp-json\/wp\/v2\/posts"}],"about":[{"href":"https:\/\/sites.ecclesia.pt\/cv\/wp-json\/wp\/v2\/types\/post"}],"author":[{"embeddable":true,"href":"https:\/\/sites.ecclesia.pt\/cv\/wp-json\/wp\/v2\/users\/1"}],"replies":[{"embeddable":true,"href":"https:\/\/sites.ecclesia.pt\/cv\/wp-json\/wp\/v2\/comments?post=10108"}],"version-history":[{"count":0,"href":"https:\/\/sites.ecclesia.pt\/cv\/wp-json\/wp\/v2\/posts\/10108\/revisions"}],"wp:attachment":[{"href":"https:\/\/sites.ecclesia.pt\/cv\/wp-json\/wp\/v2\/media?parent=10108"}],"wp:term":[{"taxonomy":"category","embeddable":true,"href":"https:\/\/sites.ecclesia.pt\/cv\/wp-json\/wp\/v2\/categories?post=10108"},{"taxonomy":"post_tag","embeddable":true,"href":"https:\/\/sites.ecclesia.pt\/cv\/wp-json\/wp\/v2\/tags?post=10108"}],"curies":[{"name":"wp","href":"https:\/\/api.w.org\/{rel}","templated":true}]}}