{"id":102,"date":"2006-04-03T14:44:00","date_gmt":"2006-04-03T14:44:00","guid":{"rendered":"http:\/\/localhost:81\/wp1\/?p=102"},"modified":"2006-04-03T14:44:00","modified_gmt":"2006-04-03T14:44:00","slug":"ser-catequista-e-estar-aberto-ao-desafio","status":"publish","type":"post","link":"https:\/\/sites.ecclesia.pt\/cv\/ser-catequista-e-estar-aberto-ao-desafio\/","title":{"rendered":"Ser catequista \u00e9 estar aberto ao desafio"},"content":{"rendered":"<p>Carta aos catequistas da Diocese de Aveiro <!--more--> O Secretariado Diocesano de Catequese da Inf\u00e2ncia e Adolesc\u00eancia (SDCIA) acaba de dirigir uma carta aos catequistas, em que sublinha a necessidade de todos estarem preparados para mais um ano apost\u00f3lico, se quiserem \u201cque ele seja mais fecundo do que aquele que terminou\u201d. Para isso, o Secretariado lembra que importa empregar todas as for\u00e7as, \u201cnuma abertura \u00e0 forma\u00e7\u00e3o que nos \u00e9 proposta\u201d, renovando o zelo \u201cno partilhar a alegria de nos sabermos ao servi\u00e7o do Reino de Deus\u201d.<\/p>\n<p>\u201cSer catequista \u00e9, antes de mais, aceitar e estar aberto ao desafio que Deus nos prop\u00f5e, ao querer precisar de n\u00f3s para, em n\u00f3s e connosco, manifestar as Suas maravilhas, atraindo a si todos os Seus filhos\u201d, frisa na sua carta o SDCIA. E acrescenta, referindo a urg\u00eancia da prepara\u00e7\u00e3o para a miss\u00e3o, que os catequistas t\u00eam de estar atentos \u00e0s ac\u00e7\u00f5es que v\u00e3o ser desenvolvidas. <\/p>\n<p>Assim, nos dias 20 e 21 de Setembro, haver\u00e1 forma\u00e7\u00e3o espec\u00edfica para os catequistas da Inf\u00e2ncia, na Casa Diocesana, o mesmo acontecendo, nos dias 27 e 28, para os catequistas da Adolesc\u00eancia, no mesmo local. Ambas as ac\u00e7\u00f5es ser\u00e3o orientadas por uma equipa de salesianos. Apesar de haver j\u00e1 um n\u00famero razo\u00e1vel de inscri\u00e7\u00f5es, ainda h\u00e1 muitas par\u00f3quias que n\u00e3o marcaram presen\u00e7a, lembra o SDCIA. <\/p>\n<p>Entretanto, um outro momento significativo e importante da forma\u00e7\u00e3o ser\u00e1, sem d\u00favida, o Encontro Diocesano de Catequistas, com o nosso Bispo, no pr\u00f3ximo dia 10 de Outubro, \u00e0s 21.15 horas, no semin\u00e1rio de Santa Joana Princesa. Por isso, aconselha-se a todos que reservem j\u00e1 essa noite.<\/p>\n<p>O SDCIA recorda, ainda, o Programa de Forma\u00e7\u00e3o que o ISCRA prop\u00f5e e que poder\u00e1 e dever\u00e1 ser aproveitado por todos, tendo sempre em conta que \u201cum catequista forma-se; n\u00e3o se improvisa\u201d.<\/p>\n","protected":false},"excerpt":{"rendered":"<p>Carta aos catequistas da Diocese de Aveiro<\/p>\n","protected":false},"author":1,"featured_media":0,"comment_status":"open","ping_status":"open","sticky":false,"template":"","format":"standard","meta":{"footnotes":""},"categories":[38],"tags":[],"class_list":["post-102","post","type-post","status-publish","format-standard","hentry","category-destaque"],"_links":{"self":[{"href":"https:\/\/sites.ecclesia.pt\/cv\/wp-json\/wp\/v2\/posts\/102","targetHints":{"allow":["GET"]}}],"collection":[{"href":"https:\/\/sites.ecclesia.pt\/cv\/wp-json\/wp\/v2\/posts"}],"about":[{"href":"https:\/\/sites.ecclesia.pt\/cv\/wp-json\/wp\/v2\/types\/post"}],"author":[{"embeddable":true,"href":"https:\/\/sites.ecclesia.pt\/cv\/wp-json\/wp\/v2\/users\/1"}],"replies":[{"embeddable":true,"href":"https:\/\/sites.ecclesia.pt\/cv\/wp-json\/wp\/v2\/comments?post=102"}],"version-history":[{"count":0,"href":"https:\/\/sites.ecclesia.pt\/cv\/wp-json\/wp\/v2\/posts\/102\/revisions"}],"wp:attachment":[{"href":"https:\/\/sites.ecclesia.pt\/cv\/wp-json\/wp\/v2\/media?parent=102"}],"wp:term":[{"taxonomy":"category","embeddable":true,"href":"https:\/\/sites.ecclesia.pt\/cv\/wp-json\/wp\/v2\/categories?post=102"},{"taxonomy":"post_tag","embeddable":true,"href":"https:\/\/sites.ecclesia.pt\/cv\/wp-json\/wp\/v2\/tags?post=102"}],"curies":[{"name":"wp","href":"https:\/\/api.w.org\/{rel}","templated":true}]}}