{"id":10244,"date":"2007-07-19T12:23:00","date_gmt":"2007-07-19T12:23:00","guid":{"rendered":"http:\/\/localhost:81\/wp1\/?p=10244"},"modified":"2007-07-19T12:23:00","modified_gmt":"2007-07-19T12:23:00","slug":"viii-feira-de-artesanato-da-murtosa","status":"publish","type":"post","link":"https:\/\/sites.ecclesia.pt\/cv\/viii-feira-de-artesanato-da-murtosa\/","title":{"rendered":"VIII Feira de Artesanato da Murtosa"},"content":{"rendered":"<p>Torreira <!--more--> A Pra\u00e7a da Varina, na Torreira, acolhe, at\u00e9 ao dia 22 de Julho, a s\u00e9tima edi\u00e7\u00e3o da Feira de Artesanato da Murtosa, numa organiza\u00e7\u00e3o da C\u00e2mara Municipal da Murtosa. Durante a Feira, estar\u00e3o presentes artes\u00e3os que executar\u00e3o trabalhos ao vivo, nomeadamente telhas decorativas, cer\u00e2mica pintada \u00e0 m\u00e3o, bijutaria, derivados do sal, ferro forjado, entre outros.<\/p>\n<p>Esta feira, o primeiro de seis certames tem\u00e1ticos naquele espa\u00e7o ao longo do Ver\u00e3o, decorre das 14h \u00e0s 23h (s\u00e1bado at\u00e9 \u00e0s 24h, e domingo at\u00e9 \u00e0s 19h30).<\/p>\n","protected":false},"excerpt":{"rendered":"<p>Torreira<\/p>\n","protected":false},"author":1,"featured_media":0,"comment_status":"open","ping_status":"open","sticky":false,"template":"","format":"standard","meta":{"footnotes":""},"categories":[45],"tags":[],"class_list":["post-10244","post","type-post","status-publish","format-standard","hentry","category-regioes"],"_links":{"self":[{"href":"https:\/\/sites.ecclesia.pt\/cv\/wp-json\/wp\/v2\/posts\/10244","targetHints":{"allow":["GET"]}}],"collection":[{"href":"https:\/\/sites.ecclesia.pt\/cv\/wp-json\/wp\/v2\/posts"}],"about":[{"href":"https:\/\/sites.ecclesia.pt\/cv\/wp-json\/wp\/v2\/types\/post"}],"author":[{"embeddable":true,"href":"https:\/\/sites.ecclesia.pt\/cv\/wp-json\/wp\/v2\/users\/1"}],"replies":[{"embeddable":true,"href":"https:\/\/sites.ecclesia.pt\/cv\/wp-json\/wp\/v2\/comments?post=10244"}],"version-history":[{"count":0,"href":"https:\/\/sites.ecclesia.pt\/cv\/wp-json\/wp\/v2\/posts\/10244\/revisions"}],"wp:attachment":[{"href":"https:\/\/sites.ecclesia.pt\/cv\/wp-json\/wp\/v2\/media?parent=10244"}],"wp:term":[{"taxonomy":"category","embeddable":true,"href":"https:\/\/sites.ecclesia.pt\/cv\/wp-json\/wp\/v2\/categories?post=10244"},{"taxonomy":"post_tag","embeddable":true,"href":"https:\/\/sites.ecclesia.pt\/cv\/wp-json\/wp\/v2\/tags?post=10244"}],"curies":[{"name":"wp","href":"https:\/\/api.w.org\/{rel}","templated":true}]}}