{"id":10245,"date":"2007-07-19T12:24:00","date_gmt":"2007-07-19T12:24:00","guid":{"rendered":"http:\/\/localhost:81\/wp1\/?p=10245"},"modified":"2007-07-19T12:24:00","modified_gmt":"2007-07-19T12:24:00","slug":"ribau-esteves-visitou-sede-da-microsoft","status":"publish","type":"post","link":"https:\/\/sites.ecclesia.pt\/cv\/ribau-esteves-visitou-sede-da-microsoft\/","title":{"rendered":"Ribau Esteves visitou sede da Microsoft"},"content":{"rendered":"<p>\u00cdlhavo <!--more--> O Presidente da C\u00e2mara Municipal de \u00cdlhavo, Ribau Esteves, que \u00e9 tamb\u00e9m presidente da Junta Metropolitana da Grande \u00c1rea Metropolitana de Aveiro (GAMA) e do conselho de administra\u00e7\u00e3o da Associa\u00e7\u00e3o de Munic\u00edpios da Ria (AMRia), entidade que gere o programa Aveiro Digital 2003 &#8211; 2006), foi um dos dez autarcas portugueses convidados a visitar o Microsoft Executive Briefing Centre, na cidade norte-americana de Seattle.<\/p>\n<p>A visita, que decorreu na passada semana, teve por objectivo a apresenta\u00e7\u00e3o da vis\u00e3o da Microsoft para a inova\u00e7\u00e3o na gest\u00e3o aut\u00e1rquica e a presta\u00e7\u00e3o de servi\u00e7os integrados aos cidad\u00e3os\/ mun\u00edcipes, passando por solu\u00e7\u00f5es documentais, tramita\u00e7\u00e3o e colabora\u00e7\u00e3o, bem como ferramentas de apoio \u00e0 gest\u00e3o do territ\u00f3rio, utilizando sempre as mais recentes tecnologias desenvolvidas pela Microsoft Corporation.<\/p>\n","protected":false},"excerpt":{"rendered":"<p>\u00cdlhavo<\/p>\n","protected":false},"author":1,"featured_media":0,"comment_status":"open","ping_status":"open","sticky":false,"template":"","format":"standard","meta":{"footnotes":""},"categories":[45],"tags":[],"class_list":["post-10245","post","type-post","status-publish","format-standard","hentry","category-regioes"],"_links":{"self":[{"href":"https:\/\/sites.ecclesia.pt\/cv\/wp-json\/wp\/v2\/posts\/10245","targetHints":{"allow":["GET"]}}],"collection":[{"href":"https:\/\/sites.ecclesia.pt\/cv\/wp-json\/wp\/v2\/posts"}],"about":[{"href":"https:\/\/sites.ecclesia.pt\/cv\/wp-json\/wp\/v2\/types\/post"}],"author":[{"embeddable":true,"href":"https:\/\/sites.ecclesia.pt\/cv\/wp-json\/wp\/v2\/users\/1"}],"replies":[{"embeddable":true,"href":"https:\/\/sites.ecclesia.pt\/cv\/wp-json\/wp\/v2\/comments?post=10245"}],"version-history":[{"count":0,"href":"https:\/\/sites.ecclesia.pt\/cv\/wp-json\/wp\/v2\/posts\/10245\/revisions"}],"wp:attachment":[{"href":"https:\/\/sites.ecclesia.pt\/cv\/wp-json\/wp\/v2\/media?parent=10245"}],"wp:term":[{"taxonomy":"category","embeddable":true,"href":"https:\/\/sites.ecclesia.pt\/cv\/wp-json\/wp\/v2\/categories?post=10245"},{"taxonomy":"post_tag","embeddable":true,"href":"https:\/\/sites.ecclesia.pt\/cv\/wp-json\/wp\/v2\/tags?post=10245"}],"curies":[{"name":"wp","href":"https:\/\/api.w.org\/{rel}","templated":true}]}}