{"id":10246,"date":"2007-07-19T12:25:00","date_gmt":"2007-07-19T12:25:00","guid":{"rendered":"http:\/\/localhost:81\/wp1\/?p=10246"},"modified":"2007-07-19T12:25:00","modified_gmt":"2007-07-19T12:25:00","slug":"exposicao-de-escultura-ceramica","status":"publish","type":"post","link":"https:\/\/sites.ecclesia.pt\/cv\/exposicao-de-escultura-ceramica\/","title":{"rendered":"Exposi\u00e7\u00e3o de escultura cer\u00e2mica"},"content":{"rendered":"<p>Vista Alegre <!--more--> \u201cEscultura cer\u00e2mica na Vista Alegre \u2013 t\u00e9cnica, movimento e arte\u201d \u00e9 o t\u00edtulo da exposi\u00e7\u00e3o tempor\u00e1ria que est\u00e1 patente ao p\u00fablico, at\u00e9 ao dia 20 de Julho, numa das casas do bairro hist\u00f3rico da F\u00e1brica da Vista Alegre.<\/p>\n<p>Em Portugal, a F\u00e1brica da Vista Alegre, aberta em 1824, foi a pioneira na produ\u00e7\u00e3o de porcelana, tanto utilit\u00e1ria como decorativa e art\u00edstica, onde se inclui a escultura.<\/p>\n<p>Nesta mostra \u00e9 poss\u00edvel apreciar uma vasta gama de esculturas em porcelana, com destaque para as figurativas, feitas em biscuit e em porcelana branca ou pintada. As pe\u00e7as desta \u00faltima modalidade conciliam a escultura com a arte da pintura, \u00e1rea onde a Vista Alegre tem grande prest\u00edgio e em que \u00e9 uma refer\u00eancia a n\u00edvel mundial.<\/p>\n","protected":false},"excerpt":{"rendered":"<p>Vista Alegre<\/p>\n","protected":false},"author":1,"featured_media":0,"comment_status":"open","ping_status":"open","sticky":false,"template":"","format":"standard","meta":{"footnotes":""},"categories":[66],"tags":[],"class_list":["post-10246","post","type-post","status-publish","format-standard","hentry","category-cultura"],"_links":{"self":[{"href":"https:\/\/sites.ecclesia.pt\/cv\/wp-json\/wp\/v2\/posts\/10246","targetHints":{"allow":["GET"]}}],"collection":[{"href":"https:\/\/sites.ecclesia.pt\/cv\/wp-json\/wp\/v2\/posts"}],"about":[{"href":"https:\/\/sites.ecclesia.pt\/cv\/wp-json\/wp\/v2\/types\/post"}],"author":[{"embeddable":true,"href":"https:\/\/sites.ecclesia.pt\/cv\/wp-json\/wp\/v2\/users\/1"}],"replies":[{"embeddable":true,"href":"https:\/\/sites.ecclesia.pt\/cv\/wp-json\/wp\/v2\/comments?post=10246"}],"version-history":[{"count":0,"href":"https:\/\/sites.ecclesia.pt\/cv\/wp-json\/wp\/v2\/posts\/10246\/revisions"}],"wp:attachment":[{"href":"https:\/\/sites.ecclesia.pt\/cv\/wp-json\/wp\/v2\/media?parent=10246"}],"wp:term":[{"taxonomy":"category","embeddable":true,"href":"https:\/\/sites.ecclesia.pt\/cv\/wp-json\/wp\/v2\/categories?post=10246"},{"taxonomy":"post_tag","embeddable":true,"href":"https:\/\/sites.ecclesia.pt\/cv\/wp-json\/wp\/v2\/tags?post=10246"}],"curies":[{"name":"wp","href":"https:\/\/api.w.org\/{rel}","templated":true}]}}