{"id":10247,"date":"2007-07-19T12:27:00","date_gmt":"2007-07-19T12:27:00","guid":{"rendered":"http:\/\/localhost:81\/wp1\/?p=10247"},"modified":"2007-07-19T12:27:00","modified_gmt":"2007-07-19T12:27:00","slug":"v-exposicao-do-naav","status":"publish","type":"post","link":"https:\/\/sites.ecclesia.pt\/cv\/v-exposicao-do-naav\/","title":{"rendered":"V Exposi\u00e7\u00e3o do NAAV"},"content":{"rendered":"<p>Na Casa Municipal da Cultura de Aveiro <!--more--> No Espa\u00e7o A, sito na Casa Municipal da Cultura \u2013 Edif\u00edcio Fernando T\u00e1vora, em Aveiro, est\u00e1 patente ao p\u00fablico, at\u00e9 ao dia 16 de Setembro, a V Exposi\u00e7\u00e3o do NAAV \u2013 N\u00facleo de Arquitectos de Aveiro da Ordem dos Arquitectos, a qual apresenta alguns dos mais significativos projectos concebidos por membros daquele n\u00facleo.<\/p>\n<p>A mostra pode ser visitada gratuitamente, pelo p\u00fablico em geral, de ter\u00e7a-feira a domingo, das 14 \u00e0s 19 horas.<\/p>\n<p>Em paralelo com a exposi\u00e7\u00e3o decorre um programa de confer\u00eancias, a primeira das quais ter\u00e1 lugar no dia 27 de Julho, pelas 21h 30m, subordinada ao tema \u201cCidade contempor\u00e2nea \u2013 quest\u00f5es de desenho\u201d, que ser\u00e1 proferida pelo arquitecto Manuel Fernandes de S\u00e1.<\/p>\n<p>Para o dia 7 de Setembro est\u00e1 agendada a confer\u00eancia intitulada \u201cSistemas termicamente melhorados (RPT): fachadas\/ clarab\u00f3ias; p\u00e1ra-sol\/ solu\u00e7\u00e3o H\u00e9lios; perfis para revestimentos\u201d, por Jorge Santos, da Extrusal. Nesse dia ser\u00e1 lan\u00e7ado o cat\u00e1logo da exposi\u00e7\u00e3o.<\/p>\n<p>\u201cA percep\u00e7\u00e3o da cor no espa\u00e7o e no tempo\u201d \u00e9 o tema da confer\u00eancia que o arquitecto Jo\u00e3o Pern\u00e3o ir\u00e1 proferir no dia 14 de Setembro.<\/p>\n","protected":false},"excerpt":{"rendered":"<p>Na Casa Municipal da Cultura de Aveiro<\/p>\n","protected":false},"author":1,"featured_media":0,"comment_status":"open","ping_status":"open","sticky":false,"template":"","format":"standard","meta":{"footnotes":""},"categories":[66],"tags":[],"class_list":["post-10247","post","type-post","status-publish","format-standard","hentry","category-cultura"],"_links":{"self":[{"href":"https:\/\/sites.ecclesia.pt\/cv\/wp-json\/wp\/v2\/posts\/10247","targetHints":{"allow":["GET"]}}],"collection":[{"href":"https:\/\/sites.ecclesia.pt\/cv\/wp-json\/wp\/v2\/posts"}],"about":[{"href":"https:\/\/sites.ecclesia.pt\/cv\/wp-json\/wp\/v2\/types\/post"}],"author":[{"embeddable":true,"href":"https:\/\/sites.ecclesia.pt\/cv\/wp-json\/wp\/v2\/users\/1"}],"replies":[{"embeddable":true,"href":"https:\/\/sites.ecclesia.pt\/cv\/wp-json\/wp\/v2\/comments?post=10247"}],"version-history":[{"count":0,"href":"https:\/\/sites.ecclesia.pt\/cv\/wp-json\/wp\/v2\/posts\/10247\/revisions"}],"wp:attachment":[{"href":"https:\/\/sites.ecclesia.pt\/cv\/wp-json\/wp\/v2\/media?parent=10247"}],"wp:term":[{"taxonomy":"category","embeddable":true,"href":"https:\/\/sites.ecclesia.pt\/cv\/wp-json\/wp\/v2\/categories?post=10247"},{"taxonomy":"post_tag","embeddable":true,"href":"https:\/\/sites.ecclesia.pt\/cv\/wp-json\/wp\/v2\/tags?post=10247"}],"curies":[{"name":"wp","href":"https:\/\/api.w.org\/{rel}","templated":true}]}}