{"id":10248,"date":"2007-07-19T12:28:00","date_gmt":"2007-07-19T12:28:00","guid":{"rendered":"http:\/\/localhost:81\/wp1\/?p=10248"},"modified":"2007-07-19T12:28:00","modified_gmt":"2007-07-19T12:28:00","slug":"les-terre-neuvas-no-mmi","status":"publish","type":"post","link":"https:\/\/sites.ecclesia.pt\/cv\/les-terre-neuvas-no-mmi\/","title":{"rendered":"&#8220;Les Terre-Neuvas&#8221; no MMI"},"content":{"rendered":"<p>At\u00e9 ao pr\u00f3ximo domingo, no Museu Mar\u00edtimo de \u00cdlhavo (MMI) est\u00e1 patente ao p\u00fablico a exposi\u00e7\u00e3o fotogr\u00e1fica \u201cLes Terre-Neuvas\u201d, da autoria da francesa Anita Conti, que retrata a faina da pesca do bacalhau em meados do s\u00e9culo XX.<\/p>\n<p>Para o director do MMI, \u00c1lvaro Garrido, expor as 41 fotografias feitas por Anita Conti a bordo do navio \u201cBois Ros\u00e9\u201d, em 1952, significa \u201cdar corpo \u00e0 ambi\u00e7\u00e3o de pluralizar a mem\u00f3ria da pesca do bacalhau por homens e navios portugueses. Para tanto, importa promover o conv\u00edvio das nossas formas de ver e de recordar a \u00abFaina Maior\u00bb com diferentes representa\u00e7\u00f5es do mesmo tema. Entre outras singulares qualidades, o trabalho de Anita Conti n\u00e3o nos pretende dizer como era a pesca do bacalhau na Terra Nova. Num registo est\u00e9tico superior a qualquer outro trabalho de fotografia sobre o mesmo tema e constru\u00eddo em id\u00eanticas condi\u00e7\u00f5es, Anita Conti apenas sugere como seria a grande pesca, convidando o sujeito a construir, ele pr\u00f3prio, a sua vis\u00e3o do quotidiano dos Terre-Neuvas\u201d.<\/p>\n<p>Anita Conti efectuou duas viagens aos mares do Atl\u00e2ntico Norte. A primeira, em 1939, a bordo do arrast\u00e3o \u201cVikings\u201d, no qual andou cinco meses pelos bancos da Terra Nova e da ilha do Urso. A segunda viagem teve lugar em 1952, a bordo do arrast\u00e3o-salgador \u201cBois Ros\u00e9\u201d, que andou pelos bancos da Terra Nova e da Gronel\u00e2ndia. Nesta viagem, Anita Conti tirou mais de cinco mil fotografias, filmou e escreveu sobre a pesca do bacalhau.<\/p>\n<p>Nascida no dia 17 de Maio de 1899, a fot\u00f3grafa faleceu na noite de Natal de 1997.<\/p>\n","protected":false},"excerpt":{"rendered":"<p>At\u00e9 ao pr\u00f3ximo domingo, no Museu Mar\u00edtimo de \u00cdlhavo (MMI) est\u00e1 patente ao p\u00fablico a exposi\u00e7\u00e3o fotogr\u00e1fica \u201cLes Terre-Neuvas\u201d, da autoria da francesa Anita Conti, que retrata a faina da pesca do bacalhau em meados do s\u00e9culo XX. Para o director do MMI, \u00c1lvaro Garrido, expor as 41 fotografias feitas por Anita Conti a bordo [&hellip;]<\/p>\n","protected":false},"author":1,"featured_media":0,"comment_status":"open","ping_status":"open","sticky":false,"template":"","format":"standard","meta":{"footnotes":""},"categories":[66],"tags":[],"class_list":["post-10248","post","type-post","status-publish","format-standard","hentry","category-cultura"],"_links":{"self":[{"href":"https:\/\/sites.ecclesia.pt\/cv\/wp-json\/wp\/v2\/posts\/10248","targetHints":{"allow":["GET"]}}],"collection":[{"href":"https:\/\/sites.ecclesia.pt\/cv\/wp-json\/wp\/v2\/posts"}],"about":[{"href":"https:\/\/sites.ecclesia.pt\/cv\/wp-json\/wp\/v2\/types\/post"}],"author":[{"embeddable":true,"href":"https:\/\/sites.ecclesia.pt\/cv\/wp-json\/wp\/v2\/users\/1"}],"replies":[{"embeddable":true,"href":"https:\/\/sites.ecclesia.pt\/cv\/wp-json\/wp\/v2\/comments?post=10248"}],"version-history":[{"count":0,"href":"https:\/\/sites.ecclesia.pt\/cv\/wp-json\/wp\/v2\/posts\/10248\/revisions"}],"wp:attachment":[{"href":"https:\/\/sites.ecclesia.pt\/cv\/wp-json\/wp\/v2\/media?parent=10248"}],"wp:term":[{"taxonomy":"category","embeddable":true,"href":"https:\/\/sites.ecclesia.pt\/cv\/wp-json\/wp\/v2\/categories?post=10248"},{"taxonomy":"post_tag","embeddable":true,"href":"https:\/\/sites.ecclesia.pt\/cv\/wp-json\/wp\/v2\/tags?post=10248"}],"curies":[{"name":"wp","href":"https:\/\/api.w.org\/{rel}","templated":true}]}}