{"id":10249,"date":"2007-07-19T14:41:00","date_gmt":"2007-07-19T14:41:00","guid":{"rendered":"http:\/\/localhost:81\/wp1\/?p=10249"},"modified":"2007-07-19T14:41:00","modified_gmt":"2007-07-19T14:41:00","slug":"guia-para-tempos-confusos","status":"publish","type":"post","link":"https:\/\/sites.ecclesia.pt\/cv\/guia-para-tempos-confusos\/","title":{"rendered":"Guia para tempos confusos"},"content":{"rendered":"<p>Livro <!--more--> Embora se diga na contracapa que \u201cn\u00e3o \u00e9 o \u00abC\u00f3digo da Vinci\u00bb que motiva o autor a tomar a palavra\u201d, Dan Brown est\u00e1 presente em muitas p\u00e1ginas, ao longo de toda a obra, a come\u00e7ar pela capa, onde o \u201cEcce Homo\u201d do Museu Nacional de Arte Antiga se sobrep\u00f5e ao \u201chomem de Vit\u00favrio\u201d davinciano.<\/p>\n<p>No entanto, esta obra vale, de facto, pela an\u00e1lise de um fen\u00f3meno mais vasto. Dan Brown \u00e9 apenas um exemplo, ainda que o mais medi\u00e1tico e recente. Este fen\u00f3meno tem a ver com o actual fasc\u00ednio pelos evangelhos gn\u00f3sticos e ap\u00f3crifos (aqueles que foram escritos fora da tradi\u00e7\u00e3o apost\u00f3lica, para apresentar um outro Cristo ou preencher as \u201clacunas\u201d dos Quatro Evangelhos), a \u201cnew age\u201d, o neopaganismo, as religi\u00f5es naturalistas, o neopolite\u00edsmo, a cabala, a alquimia, e mesmo o budismo zen ou o yoga, para nomear apenas algumas correntes. <\/p>\n<p>\u201cImposturas anticrist\u00e3s\u201d \u00e9 praticamente um manual das correntes, movimentos, seitas e fac\u00e7\u00f5es que de alguma forma querem eliminar o cristianismo, por vezes seguindo a t\u00e1ctica do cavalo de Tr\u00f3ia: aproximando-se como um presente de amizade, para desmantelar o movimento crist\u00e3o a partir do interior.<\/p>\n<p>Fazendo j\u00e1 uso da enc\u00edclica \u201cDeus Caritas est\u201d, de Bento XVI, entre outros recursos, esta obra ser\u00e1 muito \u00fatil para quem se sente perplexo ou simplesmente curioso perante as sedutoras ofertas religiosas, para-religiosas e pseudo-religiosas e quer dar \u201craz\u00f5es da sua f\u00e9\u201d.<\/p>\n<p>Joseph-Marie Verlinde<\/p>\n<p>Imposturas anticrist\u00e3s. Dos Evangelhos Ap\u00f3crifos ao C\u00f3digo Da Vinci<\/p>\n<p>Verbo<\/p>\n<p>330 p\u00e1ginas<\/p>\n<p>O autor<\/p>\n<p>De cientista a monge<\/p>\n<p>O percurso biogr\u00e1fico de Joseph-Marie Verlinde (nascido Jacques Verlinde, na B\u00e9lgica, em 1947) adequa-se perfeitamente aos temas da obra agora editada pela Verbo. Doutorado em Ci\u00eancia e investigador da Qu\u00edmica Nuclear, deixou o prestigiado CNRS para dedicar-se \u00e0 medita\u00e7\u00e3o oriental. Vivendo numa comunidade \u201cashram\u201d, na \u00cdndia, converteu-se, inesperadamente ao cristianismo, regressou \u00e0 Europa, estudou Teologia e foi ordenado padre em 1983. Foi professor de Filosofia da Natureza na Universidade Cat\u00f3lica de Lyon. Em 1991, entrou para a Fraternidade Mon\u00e1stica da Fam\u00edlia de S\u00e3o Jos\u00e9, de onde promove o site www.final-age.net.<\/p>\n","protected":false},"excerpt":{"rendered":"<p>Livro<\/p>\n","protected":false},"author":1,"featured_media":0,"comment_status":"open","ping_status":"open","sticky":false,"template":"","format":"standard","meta":{"footnotes":""},"categories":[66],"tags":[],"class_list":["post-10249","post","type-post","status-publish","format-standard","hentry","category-cultura"],"_links":{"self":[{"href":"https:\/\/sites.ecclesia.pt\/cv\/wp-json\/wp\/v2\/posts\/10249","targetHints":{"allow":["GET"]}}],"collection":[{"href":"https:\/\/sites.ecclesia.pt\/cv\/wp-json\/wp\/v2\/posts"}],"about":[{"href":"https:\/\/sites.ecclesia.pt\/cv\/wp-json\/wp\/v2\/types\/post"}],"author":[{"embeddable":true,"href":"https:\/\/sites.ecclesia.pt\/cv\/wp-json\/wp\/v2\/users\/1"}],"replies":[{"embeddable":true,"href":"https:\/\/sites.ecclesia.pt\/cv\/wp-json\/wp\/v2\/comments?post=10249"}],"version-history":[{"count":0,"href":"https:\/\/sites.ecclesia.pt\/cv\/wp-json\/wp\/v2\/posts\/10249\/revisions"}],"wp:attachment":[{"href":"https:\/\/sites.ecclesia.pt\/cv\/wp-json\/wp\/v2\/media?parent=10249"}],"wp:term":[{"taxonomy":"category","embeddable":true,"href":"https:\/\/sites.ecclesia.pt\/cv\/wp-json\/wp\/v2\/categories?post=10249"},{"taxonomy":"post_tag","embeddable":true,"href":"https:\/\/sites.ecclesia.pt\/cv\/wp-json\/wp\/v2\/tags?post=10249"}],"curies":[{"name":"wp","href":"https:\/\/api.w.org\/{rel}","templated":true}]}}