{"id":10250,"date":"2007-07-19T14:42:00","date_gmt":"2007-07-19T14:42:00","guid":{"rendered":"http:\/\/localhost:81\/wp1\/?p=10250"},"modified":"2007-07-19T14:42:00","modified_gmt":"2007-07-19T14:42:00","slug":"cigana-carmen-danca-no-aveirense","status":"publish","type":"post","link":"https:\/\/sites.ecclesia.pt\/cv\/cigana-carmen-danca-no-aveirense\/","title":{"rendered":"Cigana Carmen dan\u00e7a no Aveirense"},"content":{"rendered":"<p>\u00d3pera de Bizet <!--more--> A \u00f3pera \u201cCarmen\u201d, escrita no ano da morte de Georges Bizet (1838 \u2013 1875) \u00e9 uma obra intensamente rom\u00e2ntica, com uma extraordin\u00e1ria popularidade em todo o mundo, pelos ingredientes que a comp\u00f5em e, muito especialmente, pela sua originalidade no tratamento do tema, sendo a obra mais conhecida do compositor.<\/p>\n<p>Com uma pulsa\u00e7\u00e3o sentimental acentuada, envolta em amor, paix\u00e3o, sedu\u00e7\u00e3o e trai\u00e7\u00e3o, os seus personagens desenvolvem-se de forma a cativar o p\u00fablico desde as primeiras notas.<\/p>\n<p>O contraste das duas personagens femininas, a cigana Carmen e Micaela, estabelece o centro duma ac\u00e7\u00e3o dram\u00e1tica e violenta que d\u00e1 motivos de sobra para encher este melodrama de emo\u00e7\u00f5es fortes e cor local.<\/p>\n<p>Localizada em Sevilha e arredores, a hist\u00f3ria est\u00e1 repleta de belos momentos como a taberna de Lillas Pastia, as montanhas, locais sombrios e agoirentos, ou a pra\u00e7a de toiros de Sevilha, onde se d\u00e1 o desfecho dram\u00e1tico da obra.<\/p>\n<p>\u201cC\u00e1rmen\u201d \u00e9 uma das \u00f3peras mais representadas em todo o mundo e os grandes cantores, ao interpret\u00e1-la, t\u00eam feito dela tamb\u00e9m um dos mais apreciados ve\u00edculos para a forma\u00e7\u00e3o de novos p\u00fablicos. <\/p>\n<p>A sua m\u00fasica, com temas e melodias fascinantes, fica facilmente no ouvido e talvez por isso Bizet tenha com ela obtido o seu maior triunfo. Considerando que foi o seu \u00faltimo trabalho, \u201cCarmen\u201d representa, entre outras virtudes, uma viragem est\u00e9tica para os dramas e emo\u00e7\u00f5es de pessoas reais e n\u00e3o de Deuses do Olimpo ou outras figuras mitol\u00f3gicas. Em Carmen, a m\u00fasica \u00e9 colocada ao n\u00edvel da gente do povo cantada e sentida por gente real.<\/p>\n<p>Interpretada pelos alunos da Classe de \u00d3pera do 8\u00ba Curso In-ternacional de M\u00fasica Vocal \u2013 2007, esta \u00f3pera em 4 Actos, com libreto de Henri Meilhac e Ludovic Hal\u00e9vy, sobe ao Teatro Aveirense no dia 27 de Julho, \u00e0s 21h30, numa co-produ\u00e7\u00e3o entre a Orquestra Filarmonia das Beiras (dirigida por Ant\u00f3nio Vassalo Louren\u00e7o), o Depar-tamento de Comunica\u00e7\u00e3o e Arte da Universidade de Aveiro, o Teatro Aveirense\/C\u00e2mara Municipal de Aveiro e a Concertato-Associa\u00e7\u00e3o Musical. Bilhetes a 10 (1\u00aa plateia), 8 (2\u00aa plateia e 1\u00ba balc\u00e3o) e 5 (2\u00ba balc\u00e3o) euros.<\/p>\n","protected":false},"excerpt":{"rendered":"<p>\u00d3pera de Bizet<\/p>\n","protected":false},"author":1,"featured_media":0,"comment_status":"open","ping_status":"open","sticky":false,"template":"","format":"standard","meta":{"footnotes":""},"categories":[66],"tags":[],"class_list":["post-10250","post","type-post","status-publish","format-standard","hentry","category-cultura"],"_links":{"self":[{"href":"https:\/\/sites.ecclesia.pt\/cv\/wp-json\/wp\/v2\/posts\/10250","targetHints":{"allow":["GET"]}}],"collection":[{"href":"https:\/\/sites.ecclesia.pt\/cv\/wp-json\/wp\/v2\/posts"}],"about":[{"href":"https:\/\/sites.ecclesia.pt\/cv\/wp-json\/wp\/v2\/types\/post"}],"author":[{"embeddable":true,"href":"https:\/\/sites.ecclesia.pt\/cv\/wp-json\/wp\/v2\/users\/1"}],"replies":[{"embeddable":true,"href":"https:\/\/sites.ecclesia.pt\/cv\/wp-json\/wp\/v2\/comments?post=10250"}],"version-history":[{"count":0,"href":"https:\/\/sites.ecclesia.pt\/cv\/wp-json\/wp\/v2\/posts\/10250\/revisions"}],"wp:attachment":[{"href":"https:\/\/sites.ecclesia.pt\/cv\/wp-json\/wp\/v2\/media?parent=10250"}],"wp:term":[{"taxonomy":"category","embeddable":true,"href":"https:\/\/sites.ecclesia.pt\/cv\/wp-json\/wp\/v2\/categories?post=10250"},{"taxonomy":"post_tag","embeddable":true,"href":"https:\/\/sites.ecclesia.pt\/cv\/wp-json\/wp\/v2\/tags?post=10250"}],"curies":[{"name":"wp","href":"https:\/\/api.w.org\/{rel}","templated":true}]}}