{"id":10251,"date":"2007-07-19T14:43:00","date_gmt":"2007-07-19T14:43:00","guid":{"rendered":"http:\/\/localhost:81\/wp1\/?p=10251"},"modified":"2007-07-19T14:43:00","modified_gmt":"2007-07-19T14:43:00","slug":"albergaria-atribui-subsidios-aos-ranchos-folcloricos","status":"publish","type":"post","link":"https:\/\/sites.ecclesia.pt\/cv\/albergaria-atribui-subsidios-aos-ranchos-folcloricos\/","title":{"rendered":"Albergaria atribui subs\u00eddios aos ranchos folcl\u00f3ricos"},"content":{"rendered":"<p>Ao abrigo do Programa de Apoio e Incentivo \u00e0s Actividades Desportivas e Culturais, a C\u00e2mara Municipal de Albergaria atribuiu os subs\u00eddios anuais aos ranchos\/grupos folcl\u00f3ricos do munic\u00edpio, no dia 12 de Julho. Aos grupos federados, nos quais se incluem o Rancho Folcl\u00f3rico Dan\u00e7as e Cantares do Fial, o Grupo Folcl\u00f3rico Cultural e Recreativo de Albergaria-a-Velha, o Grupo Folcl\u00f3rico e Etnogr\u00e1fico de Albergaria-a-Velha e o Rancho Folcl\u00f3rico da Casa do Povo de Angeja, foram atribu\u00eddos subs\u00eddios de 3.750 euros. Os grupos com trajes tradicionais representativos do concelho, ainda n\u00e3o federados (Grupo Folcl\u00f3rico As Lavadeiras do Vouga e o Rancho Folcl\u00f3rico de Ribeira de Fr\u00e1guas), receberam um apoio de 2.750 euros; enquanto que o Rancho Folcl\u00f3rico Malmequeres de Campinho, com o seu traje uniforme, recebeu um subs\u00eddio no valor de 2.000 euros.<\/p>\n","protected":false},"excerpt":{"rendered":"<p>Ao abrigo do Programa de Apoio e Incentivo \u00e0s Actividades Desportivas e Culturais, a C\u00e2mara Municipal de Albergaria atribuiu os subs\u00eddios anuais aos ranchos\/grupos folcl\u00f3ricos do munic\u00edpio, no dia 12 de Julho. Aos grupos federados, nos quais se incluem o Rancho Folcl\u00f3rico Dan\u00e7as e Cantares do Fial, o Grupo Folcl\u00f3rico Cultural e Recreativo de Albergaria-a-Velha, [&hellip;]<\/p>\n","protected":false},"author":1,"featured_media":0,"comment_status":"open","ping_status":"open","sticky":false,"template":"","format":"standard","meta":{"footnotes":""},"categories":[66],"tags":[],"class_list":["post-10251","post","type-post","status-publish","format-standard","hentry","category-cultura"],"_links":{"self":[{"href":"https:\/\/sites.ecclesia.pt\/cv\/wp-json\/wp\/v2\/posts\/10251","targetHints":{"allow":["GET"]}}],"collection":[{"href":"https:\/\/sites.ecclesia.pt\/cv\/wp-json\/wp\/v2\/posts"}],"about":[{"href":"https:\/\/sites.ecclesia.pt\/cv\/wp-json\/wp\/v2\/types\/post"}],"author":[{"embeddable":true,"href":"https:\/\/sites.ecclesia.pt\/cv\/wp-json\/wp\/v2\/users\/1"}],"replies":[{"embeddable":true,"href":"https:\/\/sites.ecclesia.pt\/cv\/wp-json\/wp\/v2\/comments?post=10251"}],"version-history":[{"count":0,"href":"https:\/\/sites.ecclesia.pt\/cv\/wp-json\/wp\/v2\/posts\/10251\/revisions"}],"wp:attachment":[{"href":"https:\/\/sites.ecclesia.pt\/cv\/wp-json\/wp\/v2\/media?parent=10251"}],"wp:term":[{"taxonomy":"category","embeddable":true,"href":"https:\/\/sites.ecclesia.pt\/cv\/wp-json\/wp\/v2\/categories?post=10251"},{"taxonomy":"post_tag","embeddable":true,"href":"https:\/\/sites.ecclesia.pt\/cv\/wp-json\/wp\/v2\/tags?post=10251"}],"curies":[{"name":"wp","href":"https:\/\/api.w.org\/{rel}","templated":true}]}}