{"id":10252,"date":"2007-07-19T14:44:00","date_gmt":"2007-07-19T14:44:00","guid":{"rendered":"http:\/\/localhost:81\/wp1\/?p=10252"},"modified":"2007-07-19T14:44:00","modified_gmt":"2007-07-19T14:44:00","slug":"acad-abre-inscricoes-para-cursos","status":"publish","type":"post","link":"https:\/\/sites.ecclesia.pt\/cv\/acad-abre-inscricoes-para-cursos\/","title":{"rendered":"ACAD abre inscri\u00e7\u00f5es para cursos"},"content":{"rendered":"<p>A Associa\u00e7\u00e3o Cultural de Aradas (ACAD) abriu inscri\u00e7\u00f5es para Dan\u00e7as de Sal\u00e3o e Dan\u00e7as Latinas, Gin\u00e1stica Localizada, Curso de L\u00edngua Espanhola, e artes marciais Kung Fu e Ruy-San-Ryu. As inscri\u00e7\u00f5es, relativas a 2007-2008, decorrem at\u00e9 ao final de Agosto, no Centro Social e Cultural de Aradas. Informa\u00e7\u00f5es: tel. 919 877 311 ou e-mail acad.aradas@gmail.com.<\/p>\n","protected":false},"excerpt":{"rendered":"<p>A Associa\u00e7\u00e3o Cultural de Aradas (ACAD) abriu inscri\u00e7\u00f5es para Dan\u00e7as de Sal\u00e3o e Dan\u00e7as Latinas, Gin\u00e1stica Localizada, Curso de L\u00edngua Espanhola, e artes marciais Kung Fu e Ruy-San-Ryu. As inscri\u00e7\u00f5es, relativas a 2007-2008, decorrem at\u00e9 ao final de Agosto, no Centro Social e Cultural de Aradas. Informa\u00e7\u00f5es: tel. 919 877 311 ou e-mail acad.aradas@gmail.com.<\/p>\n","protected":false},"author":1,"featured_media":0,"comment_status":"open","ping_status":"open","sticky":false,"template":"","format":"standard","meta":{"footnotes":""},"categories":[66],"tags":[],"class_list":["post-10252","post","type-post","status-publish","format-standard","hentry","category-cultura"],"_links":{"self":[{"href":"https:\/\/sites.ecclesia.pt\/cv\/wp-json\/wp\/v2\/posts\/10252","targetHints":{"allow":["GET"]}}],"collection":[{"href":"https:\/\/sites.ecclesia.pt\/cv\/wp-json\/wp\/v2\/posts"}],"about":[{"href":"https:\/\/sites.ecclesia.pt\/cv\/wp-json\/wp\/v2\/types\/post"}],"author":[{"embeddable":true,"href":"https:\/\/sites.ecclesia.pt\/cv\/wp-json\/wp\/v2\/users\/1"}],"replies":[{"embeddable":true,"href":"https:\/\/sites.ecclesia.pt\/cv\/wp-json\/wp\/v2\/comments?post=10252"}],"version-history":[{"count":0,"href":"https:\/\/sites.ecclesia.pt\/cv\/wp-json\/wp\/v2\/posts\/10252\/revisions"}],"wp:attachment":[{"href":"https:\/\/sites.ecclesia.pt\/cv\/wp-json\/wp\/v2\/media?parent=10252"}],"wp:term":[{"taxonomy":"category","embeddable":true,"href":"https:\/\/sites.ecclesia.pt\/cv\/wp-json\/wp\/v2\/categories?post=10252"},{"taxonomy":"post_tag","embeddable":true,"href":"https:\/\/sites.ecclesia.pt\/cv\/wp-json\/wp\/v2\/tags?post=10252"}],"curies":[{"name":"wp","href":"https:\/\/api.w.org\/{rel}","templated":true}]}}