{"id":10253,"date":"2007-07-19T14:44:00","date_gmt":"2007-07-19T14:44:00","guid":{"rendered":"http:\/\/localhost:81\/wp1\/?p=10253"},"modified":"2007-07-19T14:44:00","modified_gmt":"2007-07-19T14:44:00","slug":"sentimentos-de-jorge-barroca","status":"publish","type":"post","link":"https:\/\/sites.ecclesia.pt\/cv\/sentimentos-de-jorge-barroca\/","title":{"rendered":"&#8220;Sentimentos&#8221; de Jorge Barroca"},"content":{"rendered":"<p>Oliveira do Bairro <!--more--> Foi inaugurada, no s\u00e1bado passado, a exposi\u00e7\u00e3o \u201cSentimentos\u201d, que re\u00fane pinturas de Jorge Barroca. Os quadros podem ser apreciados, at\u00e9 24 de Agosto, na Sala de Exposi\u00e7\u00f5es da C\u00e2mara Municipal de Oliveira do Bairro.<\/p>\n","protected":false},"excerpt":{"rendered":"<p>Oliveira do Bairro<\/p>\n","protected":false},"author":1,"featured_media":0,"comment_status":"open","ping_status":"open","sticky":false,"template":"","format":"standard","meta":{"footnotes":""},"categories":[66],"tags":[],"class_list":["post-10253","post","type-post","status-publish","format-standard","hentry","category-cultura"],"_links":{"self":[{"href":"https:\/\/sites.ecclesia.pt\/cv\/wp-json\/wp\/v2\/posts\/10253","targetHints":{"allow":["GET"]}}],"collection":[{"href":"https:\/\/sites.ecclesia.pt\/cv\/wp-json\/wp\/v2\/posts"}],"about":[{"href":"https:\/\/sites.ecclesia.pt\/cv\/wp-json\/wp\/v2\/types\/post"}],"author":[{"embeddable":true,"href":"https:\/\/sites.ecclesia.pt\/cv\/wp-json\/wp\/v2\/users\/1"}],"replies":[{"embeddable":true,"href":"https:\/\/sites.ecclesia.pt\/cv\/wp-json\/wp\/v2\/comments?post=10253"}],"version-history":[{"count":0,"href":"https:\/\/sites.ecclesia.pt\/cv\/wp-json\/wp\/v2\/posts\/10253\/revisions"}],"wp:attachment":[{"href":"https:\/\/sites.ecclesia.pt\/cv\/wp-json\/wp\/v2\/media?parent=10253"}],"wp:term":[{"taxonomy":"category","embeddable":true,"href":"https:\/\/sites.ecclesia.pt\/cv\/wp-json\/wp\/v2\/categories?post=10253"},{"taxonomy":"post_tag","embeddable":true,"href":"https:\/\/sites.ecclesia.pt\/cv\/wp-json\/wp\/v2\/tags?post=10253"}],"curies":[{"name":"wp","href":"https:\/\/api.w.org\/{rel}","templated":true}]}}