{"id":10254,"date":"2007-07-19T14:46:00","date_gmt":"2007-07-19T14:46:00","guid":{"rendered":"http:\/\/localhost:81\/wp1\/?p=10254"},"modified":"2007-07-19T14:46:00","modified_gmt":"2007-07-19T14:46:00","slug":"fotografias-de-jose-maria-pimentel","status":"publish","type":"post","link":"https:\/\/sites.ecclesia.pt\/cv\/fotografias-de-jose-maria-pimentel\/","title":{"rendered":"Fotografias de Jos\u00e9 Maria Pimentel"},"content":{"rendered":"<p>Costa Nova <!--more--> Nos bares \u201cVisual\u201d e \u201cBronze\u201d, est\u00e1 patente ao p\u00fablico, at\u00e9 29 de Agosto, a exposi\u00e7\u00e3o de fotografia, intitulada \u201cDar \u00e0 Costa Nova\u2019s do mar\u201d, da autoria do fot\u00f3grafo \u201cfree-lancer\u201d Jos\u00e9 Maria Pimentel.<\/p>\n<p>O autor realizou duas exposi\u00e7\u00f5es sobre uma volta ao mundo em autom\u00f3veis cl\u00e1ssicos, e participou na exposi\u00e7\u00e3o \u201cCoimbra for a d\u2019horas\u201d. Jos\u00e9 Maria Pimentel \u00e9 o autor de uma reportagem fotogr\u00e1fica sobre a vida de Monsenhor Nunes Pereira, editada em livro, e foi premiado pela revista \u201cVis\u00e3o\u201d, em dois anos consecutivos. Est\u00e1 representado em algumas colec\u00e7\u00f5es de fotografia. Para al\u00e9m da fotografia, dedica-se tamb\u00e9m \u00e0 escultura.<\/p>\n","protected":false},"excerpt":{"rendered":"<p>Costa Nova<\/p>\n","protected":false},"author":1,"featured_media":0,"comment_status":"open","ping_status":"open","sticky":false,"template":"","format":"standard","meta":{"footnotes":""},"categories":[66],"tags":[],"class_list":["post-10254","post","type-post","status-publish","format-standard","hentry","category-cultura"],"_links":{"self":[{"href":"https:\/\/sites.ecclesia.pt\/cv\/wp-json\/wp\/v2\/posts\/10254","targetHints":{"allow":["GET"]}}],"collection":[{"href":"https:\/\/sites.ecclesia.pt\/cv\/wp-json\/wp\/v2\/posts"}],"about":[{"href":"https:\/\/sites.ecclesia.pt\/cv\/wp-json\/wp\/v2\/types\/post"}],"author":[{"embeddable":true,"href":"https:\/\/sites.ecclesia.pt\/cv\/wp-json\/wp\/v2\/users\/1"}],"replies":[{"embeddable":true,"href":"https:\/\/sites.ecclesia.pt\/cv\/wp-json\/wp\/v2\/comments?post=10254"}],"version-history":[{"count":0,"href":"https:\/\/sites.ecclesia.pt\/cv\/wp-json\/wp\/v2\/posts\/10254\/revisions"}],"wp:attachment":[{"href":"https:\/\/sites.ecclesia.pt\/cv\/wp-json\/wp\/v2\/media?parent=10254"}],"wp:term":[{"taxonomy":"category","embeddable":true,"href":"https:\/\/sites.ecclesia.pt\/cv\/wp-json\/wp\/v2\/categories?post=10254"},{"taxonomy":"post_tag","embeddable":true,"href":"https:\/\/sites.ecclesia.pt\/cv\/wp-json\/wp\/v2\/tags?post=10254"}],"curies":[{"name":"wp","href":"https:\/\/api.w.org\/{rel}","templated":true}]}}