{"id":10255,"date":"2007-07-19T14:46:00","date_gmt":"2007-07-19T14:46:00","guid":{"rendered":"http:\/\/localhost:81\/wp1\/?p=10255"},"modified":"2007-07-19T14:46:00","modified_gmt":"2007-07-19T14:46:00","slug":"pintura-na-galeria-municipal-2","status":"publish","type":"post","link":"https:\/\/sites.ecclesia.pt\/cv\/pintura-na-galeria-municipal-2\/","title":{"rendered":"Pintura na Galeria Municipal"},"content":{"rendered":"<p>\u00c1gueda <!--more--> Na Galeria Municipal de \u00c1gueda, est\u00e1 patente, at\u00e9 31 de Julho, uma exposi\u00e7\u00e3o de pintura e desenho, com trabalhos da autoria de Cl\u00e1udia Costa, Joana Chambel e Joaquim Caeiro.<\/p>\n<p>Cl\u00e1udia Costa \u00e9 licenciada em Pintura, pela Universidade de Artes de Coimbra. Desde 1986 dedica-se \u00e0 pintura, tendo realizado tr\u00eas exposi\u00e7\u00f5es individuais e participado em diversas mostras colectivas. A par da pintura, d\u00e1 aulas de pintura e de educa\u00e7\u00e3o visual.<\/p>\n<p>Joana Chambel estudou artes no col\u00e9gio de S. Jos\u00e9 do Ramalh\u00e3o, local onde exp\u00f4s pela primeira vez no ano lectivo 2003 \/ 2004. Desde ent\u00e3o, participou em diversas colectivas.<\/p>\n<p>Joaquim Caeiro concilia a pintura com a sua actividade como m\u00fasico. Realizou a sua primeira exposi\u00e7\u00e3o de pintura em Luanda, no ano de 1972.<\/p>\n","protected":false},"excerpt":{"rendered":"<p>\u00c1gueda<\/p>\n","protected":false},"author":1,"featured_media":0,"comment_status":"open","ping_status":"open","sticky":false,"template":"","format":"standard","meta":{"footnotes":""},"categories":[66],"tags":[],"class_list":["post-10255","post","type-post","status-publish","format-standard","hentry","category-cultura"],"_links":{"self":[{"href":"https:\/\/sites.ecclesia.pt\/cv\/wp-json\/wp\/v2\/posts\/10255","targetHints":{"allow":["GET"]}}],"collection":[{"href":"https:\/\/sites.ecclesia.pt\/cv\/wp-json\/wp\/v2\/posts"}],"about":[{"href":"https:\/\/sites.ecclesia.pt\/cv\/wp-json\/wp\/v2\/types\/post"}],"author":[{"embeddable":true,"href":"https:\/\/sites.ecclesia.pt\/cv\/wp-json\/wp\/v2\/users\/1"}],"replies":[{"embeddable":true,"href":"https:\/\/sites.ecclesia.pt\/cv\/wp-json\/wp\/v2\/comments?post=10255"}],"version-history":[{"count":0,"href":"https:\/\/sites.ecclesia.pt\/cv\/wp-json\/wp\/v2\/posts\/10255\/revisions"}],"wp:attachment":[{"href":"https:\/\/sites.ecclesia.pt\/cv\/wp-json\/wp\/v2\/media?parent=10255"}],"wp:term":[{"taxonomy":"category","embeddable":true,"href":"https:\/\/sites.ecclesia.pt\/cv\/wp-json\/wp\/v2\/categories?post=10255"},{"taxonomy":"post_tag","embeddable":true,"href":"https:\/\/sites.ecclesia.pt\/cv\/wp-json\/wp\/v2\/tags?post=10255"}],"curies":[{"name":"wp","href":"https:\/\/api.w.org\/{rel}","templated":true}]}}