{"id":10256,"date":"2007-07-19T14:47:00","date_gmt":"2007-07-19T14:47:00","guid":{"rendered":"http:\/\/localhost:81\/wp1\/?p=10256"},"modified":"2007-07-19T14:47:00","modified_gmt":"2007-07-19T14:47:00","slug":"proverbios-frases-feitas-girias-pensamentos-e-poemas","status":"publish","type":"post","link":"https:\/\/sites.ecclesia.pt\/cv\/proverbios-frases-feitas-girias-pensamentos-e-poemas\/","title":{"rendered":"&#8220;Prov\u00e9rbios, frases feitas, g\u00edrias, pensamentos e poemas&#8221;"},"content":{"rendered":"<p>Apresenta\u00e7\u00e3o do livro <!--more--> Ol\u00edvia Pereira apresenta o livro \u201cProv\u00e9rbios, frases feitas, g\u00edrias, pensamentos e poemas\u201d na Sala do Despacho da Santa Casa da Miseric\u00f3rdia de Aveiro. A sess\u00e3o est\u00e1 marcada para as 18h de amanh\u00e3, 19 de Julho.<\/p>\n","protected":false},"excerpt":{"rendered":"<p>Apresenta\u00e7\u00e3o do livro<\/p>\n","protected":false},"author":1,"featured_media":0,"comment_status":"open","ping_status":"open","sticky":false,"template":"","format":"standard","meta":{"footnotes":""},"categories":[66],"tags":[],"class_list":["post-10256","post","type-post","status-publish","format-standard","hentry","category-cultura"],"_links":{"self":[{"href":"https:\/\/sites.ecclesia.pt\/cv\/wp-json\/wp\/v2\/posts\/10256","targetHints":{"allow":["GET"]}}],"collection":[{"href":"https:\/\/sites.ecclesia.pt\/cv\/wp-json\/wp\/v2\/posts"}],"about":[{"href":"https:\/\/sites.ecclesia.pt\/cv\/wp-json\/wp\/v2\/types\/post"}],"author":[{"embeddable":true,"href":"https:\/\/sites.ecclesia.pt\/cv\/wp-json\/wp\/v2\/users\/1"}],"replies":[{"embeddable":true,"href":"https:\/\/sites.ecclesia.pt\/cv\/wp-json\/wp\/v2\/comments?post=10256"}],"version-history":[{"count":0,"href":"https:\/\/sites.ecclesia.pt\/cv\/wp-json\/wp\/v2\/posts\/10256\/revisions"}],"wp:attachment":[{"href":"https:\/\/sites.ecclesia.pt\/cv\/wp-json\/wp\/v2\/media?parent=10256"}],"wp:term":[{"taxonomy":"category","embeddable":true,"href":"https:\/\/sites.ecclesia.pt\/cv\/wp-json\/wp\/v2\/categories?post=10256"},{"taxonomy":"post_tag","embeddable":true,"href":"https:\/\/sites.ecclesia.pt\/cv\/wp-json\/wp\/v2\/tags?post=10256"}],"curies":[{"name":"wp","href":"https:\/\/api.w.org\/{rel}","templated":true}]}}