{"id":10257,"date":"2007-07-19T14:48:00","date_gmt":"2007-07-19T14:48:00","guid":{"rendered":"http:\/\/localhost:81\/wp1\/?p=10257"},"modified":"2007-07-19T14:48:00","modified_gmt":"2007-07-19T14:48:00","slug":"i-triatlo-de-aveiro","status":"publish","type":"post","link":"https:\/\/sites.ecclesia.pt\/cv\/i-triatlo-de-aveiro\/","title":{"rendered":"I Triatlo de Aveiro"},"content":{"rendered":"<p>Vasco Pessoa (Ol\u00edmpico de Oeiras) e Ana Sampaio (Alhandra) ganharam as provas de triatlo ol\u00edmpico masculino e feminino, pontu\u00e1veis para o campeonato nacional, que no domingo se disputaram em Aveiro, debaixo de chuva. Destaque ainda para Hugo Ventura, primeiro lugar no Super Sprint (categoria dos 14 aos 18 anos). O jovem atleta aveirense nadou, pedalou e correu pelo Triathlon de Lamego. Apesar da chuva no domingo de manh\u00e3, durante as duas provas mais importantes \u2013 o que ter\u00e1 afastado muitos espectadores \u2013 a competi\u00e7\u00e3o foi um \u00eaxito. Jos\u00e9 Lu\u00eds Ferreira, presidente da Federa\u00e7\u00e3o Portuguesa de Triatlo afirmou que a cidade da Ria tem todas as condi\u00e7\u00f5es para receber competi\u00e7\u00f5es deste g\u00e9nero.<\/p>\n","protected":false},"excerpt":{"rendered":"<p>Vasco Pessoa (Ol\u00edmpico de Oeiras) e Ana Sampaio (Alhandra) ganharam as provas de triatlo ol\u00edmpico masculino e feminino, pontu\u00e1veis para o campeonato nacional, que no domingo se disputaram em Aveiro, debaixo de chuva. Destaque ainda para Hugo Ventura, primeiro lugar no Super Sprint (categoria dos 14 aos 18 anos). O jovem atleta aveirense nadou, pedalou [&hellip;]<\/p>\n","protected":false},"author":1,"featured_media":0,"comment_status":"open","ping_status":"open","sticky":false,"template":"","format":"standard","meta":{"footnotes":""},"categories":[46],"tags":[],"class_list":["post-10257","post","type-post","status-publish","format-standard","hentry","category-desporto"],"_links":{"self":[{"href":"https:\/\/sites.ecclesia.pt\/cv\/wp-json\/wp\/v2\/posts\/10257","targetHints":{"allow":["GET"]}}],"collection":[{"href":"https:\/\/sites.ecclesia.pt\/cv\/wp-json\/wp\/v2\/posts"}],"about":[{"href":"https:\/\/sites.ecclesia.pt\/cv\/wp-json\/wp\/v2\/types\/post"}],"author":[{"embeddable":true,"href":"https:\/\/sites.ecclesia.pt\/cv\/wp-json\/wp\/v2\/users\/1"}],"replies":[{"embeddable":true,"href":"https:\/\/sites.ecclesia.pt\/cv\/wp-json\/wp\/v2\/comments?post=10257"}],"version-history":[{"count":0,"href":"https:\/\/sites.ecclesia.pt\/cv\/wp-json\/wp\/v2\/posts\/10257\/revisions"}],"wp:attachment":[{"href":"https:\/\/sites.ecclesia.pt\/cv\/wp-json\/wp\/v2\/media?parent=10257"}],"wp:term":[{"taxonomy":"category","embeddable":true,"href":"https:\/\/sites.ecclesia.pt\/cv\/wp-json\/wp\/v2\/categories?post=10257"},{"taxonomy":"post_tag","embeddable":true,"href":"https:\/\/sites.ecclesia.pt\/cv\/wp-json\/wp\/v2\/tags?post=10257"}],"curies":[{"name":"wp","href":"https:\/\/api.w.org\/{rel}","templated":true}]}}