{"id":10258,"date":"2007-07-19T14:49:00","date_gmt":"2007-07-19T14:49:00","guid":{"rendered":"http:\/\/localhost:81\/wp1\/?p=10258"},"modified":"2007-07-19T14:49:00","modified_gmt":"2007-07-19T14:49:00","slug":"conhecido-calendario-da-equipa-aveirense-para-a-epoca-20072008","status":"publish","type":"post","link":"https:\/\/sites.ecclesia.pt\/cv\/conhecido-calendario-da-equipa-aveirense-para-a-epoca-20072008\/","title":{"rendered":"Conhecido calend\u00e1rio da equipa aveirense para a \u00e9poca 2007\/2008"},"content":{"rendered":"<p>Realizaram-se, no passado dia 12, os sorteios para as diversas provas onde o Beira-Mar est\u00e1 presente. A Liga Vitalis arranca, para os aurinegros, no dia 18 de Agosto, em Vizela. Na semana seguinte, o Beira-Mar recebe o companheiro de descida, o Aves. O \u00faltimo jogo ser\u00e1 a 11 de Maio de 2008 em Barcelos, casa de outro forte candidato \u00e0 subida, o Gil Vicente.<\/p>\n<p>Na Ta\u00e7a da Liga-Carslberg Cup, o Beira Mar ir\u00e1 a Freamunde, equipa que ascendeu esta \u00e9poca \u00e0 Liga Vitalis.<\/p>\n","protected":false},"excerpt":{"rendered":"<p>Realizaram-se, no passado dia 12, os sorteios para as diversas provas onde o Beira-Mar est\u00e1 presente. A Liga Vitalis arranca, para os aurinegros, no dia 18 de Agosto, em Vizela. Na semana seguinte, o Beira-Mar recebe o companheiro de descida, o Aves. O \u00faltimo jogo ser\u00e1 a 11 de Maio de 2008 em Barcelos, casa [&hellip;]<\/p>\n","protected":false},"author":1,"featured_media":0,"comment_status":"open","ping_status":"open","sticky":false,"template":"","format":"standard","meta":{"footnotes":""},"categories":[46],"tags":[],"class_list":["post-10258","post","type-post","status-publish","format-standard","hentry","category-desporto"],"_links":{"self":[{"href":"https:\/\/sites.ecclesia.pt\/cv\/wp-json\/wp\/v2\/posts\/10258","targetHints":{"allow":["GET"]}}],"collection":[{"href":"https:\/\/sites.ecclesia.pt\/cv\/wp-json\/wp\/v2\/posts"}],"about":[{"href":"https:\/\/sites.ecclesia.pt\/cv\/wp-json\/wp\/v2\/types\/post"}],"author":[{"embeddable":true,"href":"https:\/\/sites.ecclesia.pt\/cv\/wp-json\/wp\/v2\/users\/1"}],"replies":[{"embeddable":true,"href":"https:\/\/sites.ecclesia.pt\/cv\/wp-json\/wp\/v2\/comments?post=10258"}],"version-history":[{"count":0,"href":"https:\/\/sites.ecclesia.pt\/cv\/wp-json\/wp\/v2\/posts\/10258\/revisions"}],"wp:attachment":[{"href":"https:\/\/sites.ecclesia.pt\/cv\/wp-json\/wp\/v2\/media?parent=10258"}],"wp:term":[{"taxonomy":"category","embeddable":true,"href":"https:\/\/sites.ecclesia.pt\/cv\/wp-json\/wp\/v2\/categories?post=10258"},{"taxonomy":"post_tag","embeddable":true,"href":"https:\/\/sites.ecclesia.pt\/cv\/wp-json\/wp\/v2\/tags?post=10258"}],"curies":[{"name":"wp","href":"https:\/\/api.w.org\/{rel}","templated":true}]}}