{"id":10286,"date":"2007-07-26T11:04:00","date_gmt":"2007-07-26T11:04:00","guid":{"rendered":"http:\/\/localhost:81\/wp1\/?p=10286"},"modified":"2007-07-26T11:04:00","modified_gmt":"2007-07-26T11:04:00","slug":"hoje-vamos-ao-museu","status":"publish","type":"post","link":"https:\/\/sites.ecclesia.pt\/cv\/hoje-vamos-ao-museu\/","title":{"rendered":"Hoje vamos ao museu"},"content":{"rendered":"<p>O nosso roteiro de f\u00e9rias leva-nos a visitar alguns dos museus tem\u00e1ticos existentes na \u00e1rea geogr\u00e1fica da Diocese de Aveiro. Se fosse poss\u00edvel, o percurso seria feito de comboio e de navio, ao som de m\u00fasica popular e saboreando um vinho bairradino.<\/p>\n<p>Museu Ferrovi\u00e1rio <\/p>\n<p>Em Macinhata do Vouga, no concelho de \u00c1gueda, est\u00e1 aberta ao p\u00fablico a Sec\u00e7\u00e3o Museol\u00f3gica de Macinhata do Vouga, do Museu Ferrovi\u00e1rio.<\/p>\n<p>Originalmente, o edif\u00edcio agora ocupado pelo museu serviu de cocheiras. Do vasto esp\u00f3lio do museu, o destaque vai para as grandes pe\u00e7as, como antigas locomotivas movidas a carv\u00e3o (todas elas datadas das primeiras d\u00e9cadas do s\u00e9culo XX), automotoras movidas a gasolina (da d\u00e9cada de 1940) e carruagens, entre as quais um antigo vag\u00e3o transformado nas oficinas de Sernada (no ano de 1917) em \u201csal\u00e3o pagador\u201d. Algumas dessas \u201cm\u00e1quinas\u201d e \u201ccarruagens\u201d circularam na pr\u00f3pria Linha do Vouga, ou s\u00e3o id\u00eanticas \u00e0s que percorreram a velha linha que ligava Espinho a Viseu, com ramal at\u00e9 Aveiro.<\/p>\n<p>O esp\u00f3lio inclui ainda uma grande variedade de ferramentas e outros equipamentos usados nos \u201ccaminhos-de-ferro\u201d, bem como um esp\u00f3lio documental e fotogr\u00e1fico.<\/p>\n<p>Navio Museu <\/p>\n<p>Santo Andr\u00e9<\/p>\n<p>Atracado junto ao Forte da Barra, na Gafanha da Nazar\u00e9, o Navio Museu Santo Andr\u00e9 \u00e9 um antigo navio da pesca do bacalhau adaptado a museu, que conserva todo o seu equipamento e respectivos apetrechos da pesca.<\/p>\n<p>Algumas das suas depend\u00eancias, como os antigos por\u00f5es, s\u00e3o agora salas de exposi\u00e7\u00f5es e um pequeno audit\u00f3rio, onde o visitante pode ficar a conhecer melhor algumas das actividades relacionadas com a pesca do bacalhau, como tamb\u00e9m pode visitar exposi\u00e7\u00f5es tempor\u00e1rias sobre variados temas ou participar em eventos diversos.<\/p>\n<p>A casa das m\u00e1quinas, a ponte (de comando do navio), os camarotes (tanto dos oficiais como dos pescadores), a cozinha, o refeit\u00f3rio, entre outras depend\u00eancias, est\u00e3o de acordo com o original, de modo a que o visitante possa ter uma ideia fiel de como era a vida a bordo no navio.<\/p>\n<p>O Navio Museu Santo Andr\u00e9 \u00e9 propriedade da C\u00e2mara Municipal de \u00cdlhavo e est\u00e1 tutelado pelo Museu Mar\u00edtimo de \u00cdlhavo.<\/p>\n<p>Museu de Etnom\u00fasica<\/p>\n<p>da Bairrada<\/p>\n<p>O Museu de Etnom\u00fasica da Bairrada, situado no Troviscal (concelho de Oliveira do Bairro), \u00e9 um museu projectado j\u00e1 em pleno s\u00e9culo XXI, por iniciativa da C\u00e2mara Municipal de Oliveira do Bairro, com o objectivo de preservar o patrim\u00f3nio musical constru\u00eddo e vivido ao longo de gera\u00e7\u00f5es por toda a comunidade bairradina.<\/p>\n<p>Na sala junto da entrada principal, est\u00e1 exposto um vasto esp\u00f3lio constitu\u00eddo por instrumentos musicais e trajes regionais, usados pelas 35 institui\u00e7\u00f5es musicais fundadoras (ranchos folcl\u00f3ricos, grupos etnogr\u00e1ficos, bandas filarm\u00f3nicas, tunas e grupos musicais), dos cinco concelhos bairradinos (\u00c1gueda, Anadia, Cantanhede, Mealhada e Oliveira do Bairro). Parte significativa do esp\u00f3lio do museu s\u00e3o pe\u00e7as pertencentes a associa\u00e7\u00f5es musicais (e tamb\u00e9m a alguns particulares), que est\u00e3o \u201cdepositadas\u201d ou \u201cemprestadas\u201d \u00e0 guarda do museu.<\/p>\n<p>Como todos os espa\u00e7os deste museu est\u00e3o abertos ao p\u00fablico, \u00e9 poss\u00edvel visitar a \u00e1rea de reservas, onde est\u00e1 guardado um diversificado esp\u00f3lio, constitu\u00eddo por instrumentos musicais, trajes e fardamentos, documenta\u00e7\u00e3o, \u201cgalhardetes\u201d e \u201cestandartes\u201d, r\u00e1dios e \u201cgrafonolas\u201d, documenta\u00e7\u00e3o diversa e tudo o que esteja relacionado com m\u00fasica. A oficina, onde todas as pe\u00e7as s\u00e3o tratadas (se necess\u00e1rio) e identificadas, \u00e9 outro local que pode ser visitado, tal como a sala de investiga\u00e7\u00e3o (documental, \u00e1udio e audiovisual) e o espa\u00e7o educativo, que possui uma \u00e1rea reservada a um p\u00fablico mais infantil, uma  \u201coficina\u201d para a realiza\u00e7\u00e3o de atelier e experimenta\u00e7\u00e3o instrumental. No piso superior, h\u00e1 um anfiteatro para a realiza\u00e7\u00e3o de confer\u00eancias, palestras e outros eventos.<\/p>\n<p>Museu do Vinho <\/p>\n<p>da Bairrada<\/p>\n<p>Inaugurado em 27 de Setembro de 2003, o Museu do Vinho da Bairrada est\u00e1 localizado no centro de Anadia, junto \u00e0 Esta\u00e7\u00e3o Vitivin\u00edcola da Bairrada, e \u00e9 propriedade da C\u00e2mara Municipal de Anadia.<\/p>\n<p>A \u00e1rea central do museu \u00e9 preenchida com a exposi\u00e7\u00e3o permanente \u201cPercursos do Vinho\u201d, o qual se inicia com uma mostra de registos documentais alusivos ao mundo vitivin\u00edcola, seguindo-se um espa\u00e7o relativo \u00e0s castas permitidas na Regi\u00e3o Demarcada da Bairrada, e esp\u00f3lio inerente \u00e0 actividade vin\u00edcola. Existem seis salas tem\u00e1ticas \u2013 Vinha, Vindima, Vinifica\u00e7\u00e3o \u2013 caves e adegas, Vinifica\u00e7\u00e3o \u2013 espumante, Prova e Roteiro \u2013 com esp\u00f3lio datado do s\u00e9culo XVIII a in\u00edcio do s\u00e9culo XX, complementadas com filmes alusivos ao tema em quest\u00e3o. A visita termina na Enoteca, onde est\u00e3o presentes os melhores vinhos produzidos na Regi\u00e3o da Bairrada.<\/p>\n<p>O museu possui ainda salas para exposi\u00e7\u00f5es tempor\u00e1rias e espa\u00e7os para a realiza\u00e7\u00e3o de eventos, audit\u00f3rio, biblioteca, loja. Mediateca, espa\u00e7o de restaura\u00e7\u00e3o e cafetaria.<\/p>\n<p>Outras sugest\u00f5es de visita<\/p>\n<p>No concelho de \u00c1gueda: Casa Museu de Etnografia da Regi\u00e3o do Vouga, Museu da Funda\u00e7\u00e3o Dion\u00edsio Pinheiro e Alice Cardoso Pinheiro;<\/p>\n<p>No concelho de Aveiro: Museu de Aveiro, Museu da Ca\u00e7a e da Pesca, Eco-Museu da Troncalhada, N\u00facleo Museol\u00f3gico de Santa Ana de Requeixo;<\/p>\n<p>No concelho de Estarreja: Casa-Museu Egas Moniz, Casa-Museu Marieta Solheiro Madureira;<\/p>\n<p>No concelho de \u00cdlhavo: Museu Mar\u00edtimo de \u00cdlhavo, Museu Hist\u00f3rico da F\u00e1brica da Vista Alegre e Casa Gafanhoa;<\/p>\n<p>No concelho da Murtosa: Casa-Museu Cust\u00f3dio Prato e Museu Etnogr\u00e1fico da Murtosa;<\/p>\n<p>No concelho de Oliveira do Bairro: Museu de S. Pedro da Palha\u00e7a.<\/p>\n","protected":false},"excerpt":{"rendered":"<p>O nosso roteiro de f\u00e9rias leva-nos a visitar alguns dos museus tem\u00e1ticos existentes na \u00e1rea geogr\u00e1fica da Diocese de Aveiro. Se fosse poss\u00edvel, o percurso seria feito de comboio e de navio, ao som de m\u00fasica popular e saboreando um vinho bairradino. Museu Ferrovi\u00e1rio Em Macinhata do Vouga, no concelho de \u00c1gueda, est\u00e1 aberta ao [&hellip;]<\/p>\n","protected":false},"author":1,"featured_media":0,"comment_status":"open","ping_status":"open","sticky":false,"template":"","format":"standard","meta":{"footnotes":""},"categories":[38],"tags":[],"class_list":["post-10286","post","type-post","status-publish","format-standard","hentry","category-destaque"],"_links":{"self":[{"href":"https:\/\/sites.ecclesia.pt\/cv\/wp-json\/wp\/v2\/posts\/10286","targetHints":{"allow":["GET"]}}],"collection":[{"href":"https:\/\/sites.ecclesia.pt\/cv\/wp-json\/wp\/v2\/posts"}],"about":[{"href":"https:\/\/sites.ecclesia.pt\/cv\/wp-json\/wp\/v2\/types\/post"}],"author":[{"embeddable":true,"href":"https:\/\/sites.ecclesia.pt\/cv\/wp-json\/wp\/v2\/users\/1"}],"replies":[{"embeddable":true,"href":"https:\/\/sites.ecclesia.pt\/cv\/wp-json\/wp\/v2\/comments?post=10286"}],"version-history":[{"count":0,"href":"https:\/\/sites.ecclesia.pt\/cv\/wp-json\/wp\/v2\/posts\/10286\/revisions"}],"wp:attachment":[{"href":"https:\/\/sites.ecclesia.pt\/cv\/wp-json\/wp\/v2\/media?parent=10286"}],"wp:term":[{"taxonomy":"category","embeddable":true,"href":"https:\/\/sites.ecclesia.pt\/cv\/wp-json\/wp\/v2\/categories?post=10286"},{"taxonomy":"post_tag","embeddable":true,"href":"https:\/\/sites.ecclesia.pt\/cv\/wp-json\/wp\/v2\/tags?post=10286"}],"curies":[{"name":"wp","href":"https:\/\/api.w.org\/{rel}","templated":true}]}}