{"id":10287,"date":"2007-07-26T11:06:00","date_gmt":"2007-07-26T11:06:00","guid":{"rendered":"http:\/\/localhost:81\/wp1\/?p=10287"},"modified":"2007-07-26T11:06:00","modified_gmt":"2007-07-26T11:06:00","slug":"camara-municipal-de-aveiro-aprovou-aquisicao-de-terrenos-para-fins-sociais-e-desportivos","status":"publish","type":"post","link":"https:\/\/sites.ecclesia.pt\/cv\/camara-municipal-de-aveiro-aprovou-aquisicao-de-terrenos-para-fins-sociais-e-desportivos\/","title":{"rendered":"C\u00e2mara Municipal de Aveiro aprovou aquisi\u00e7\u00e3o de terrenos para fins sociais e desportivos"},"content":{"rendered":"<p>Antigo DRM passa para as m\u00e3os da C\u00e2mara por 1,85 milh\u00f5es de euros. Bombeiros Novos ter\u00e3o quartel em Esgueira<\/p>\n<p>A C\u00e2mara Municipal de Aveiro aprovou na reuni\u00e3o p\u00fablica de 23 de Julho a aquisi\u00e7\u00e3o de terrenos que permitir\u00e3o, nas palavras de \u00c9lio Maia, \u201cresponder aos anseios do Clube de Povo de Esgueira e dos Bombeiros Novos de Aveiro na constru\u00e7\u00e3o dos equipamentos necess\u00e1rios para a realiza\u00e7\u00e3o de um trabalho prof\u00edcuo na sociedade aveirense\u201d.<\/p>\n<p>Com a aquisi\u00e7\u00e3o de alguns terrenos d\u00e1-se viabilidade, por exemplo, \u00e0 constru\u00e7\u00e3o do novo pavilh\u00e3o para o Clube Povo de Esgueira praticar as suas modalidades desportivas. Com uma \u00e1rea total de 9.932 metros quadrados, o terreno faz parte da antiga Quinta da Alf\u00e2ndega e ir\u00e1 custar 198.640,00 euros.<\/p>\n<p>Uma obra muito desejada pelos Bombeiros Novos de Aveiro \u00e9 a constru\u00e7\u00e3o do novo quartel. A infra-estrutura ficar\u00e1 localizada em Esgueira, entre a Rua das Cardadeiras e a Estrada Nacional 109. Neste sentido, a C\u00e2mara Municipal de Aveiro ir\u00e1 adquirir duas parcelas que completar\u00e3o as anteriormente adquiridas, que em conjunto, perfazem um total de 11.700 metros quadrados, custeando \u00e0 autarquia 312.593,00 euros. <\/p>\n<p>Destaca-se ainda a aquisi\u00e7\u00e3o ao Minist\u00e9rio da Defesa do im\u00f3vel do ex-Distrito de Recrutamento Militar (DRM), situado junto ao Parque Infante D. Pedro pelo valor de 1.850 milh\u00f5es de euros, com uma \u00e1rea total de 10.970 metros quadrados. \u201cO valor anteriormente apresentado pelo Minist\u00e9rio da Defesa encontrava-se muito elevado e, ap\u00f3s v\u00e1rias dilig\u00eancias e reuni\u00f5es no Minist\u00e9rio, foi poss\u00edvel baixar o pre\u00e7o para metade\u201d, refere uma nota de imprensa do munic\u00edpio.<\/p>\n<p>O antigo DRM n\u00e3o servir\u00e1 para constru\u00e7\u00e3o de urbaniza\u00e7\u00f5es, mas sim para equipamentos, conforme est\u00e1 previsto no PDM.<\/p>\n<p>Do conjunto das aquisi\u00e7\u00f5es aprovadas na passada segunda-feira, fazem parte terrenos destinados \u00e0 constru\u00e7\u00e3o de edif\u00edcios para habita\u00e7\u00e3o social, localizados em Eixo, com uma \u00e1rea de 13.161 metros quadrados. Custar\u00e3o 65.805 euros.<\/p>\n<p>Em Cacia ser\u00e1 adquirido um terreno com 1608 metros quadrados no valor de 40.200 euros para a implementa\u00e7\u00e3o do Centro de Sa\u00fade de Cacia.<\/p>\n","protected":false},"excerpt":{"rendered":"<p>Antigo DRM passa para as m\u00e3os da C\u00e2mara por 1,85 milh\u00f5es de euros. Bombeiros Novos ter\u00e3o quartel em Esgueira A C\u00e2mara Municipal de Aveiro aprovou na reuni\u00e3o p\u00fablica de 23 de Julho a aquisi\u00e7\u00e3o de terrenos que permitir\u00e3o, nas palavras de \u00c9lio Maia, \u201cresponder aos anseios do Clube de Povo de Esgueira e dos Bombeiros [&hellip;]<\/p>\n","protected":false},"author":1,"featured_media":0,"comment_status":"open","ping_status":"open","sticky":false,"template":"","format":"standard","meta":{"footnotes":""},"categories":[45],"tags":[],"class_list":["post-10287","post","type-post","status-publish","format-standard","hentry","category-regioes"],"_links":{"self":[{"href":"https:\/\/sites.ecclesia.pt\/cv\/wp-json\/wp\/v2\/posts\/10287","targetHints":{"allow":["GET"]}}],"collection":[{"href":"https:\/\/sites.ecclesia.pt\/cv\/wp-json\/wp\/v2\/posts"}],"about":[{"href":"https:\/\/sites.ecclesia.pt\/cv\/wp-json\/wp\/v2\/types\/post"}],"author":[{"embeddable":true,"href":"https:\/\/sites.ecclesia.pt\/cv\/wp-json\/wp\/v2\/users\/1"}],"replies":[{"embeddable":true,"href":"https:\/\/sites.ecclesia.pt\/cv\/wp-json\/wp\/v2\/comments?post=10287"}],"version-history":[{"count":0,"href":"https:\/\/sites.ecclesia.pt\/cv\/wp-json\/wp\/v2\/posts\/10287\/revisions"}],"wp:attachment":[{"href":"https:\/\/sites.ecclesia.pt\/cv\/wp-json\/wp\/v2\/media?parent=10287"}],"wp:term":[{"taxonomy":"category","embeddable":true,"href":"https:\/\/sites.ecclesia.pt\/cv\/wp-json\/wp\/v2\/categories?post=10287"},{"taxonomy":"post_tag","embeddable":true,"href":"https:\/\/sites.ecclesia.pt\/cv\/wp-json\/wp\/v2\/tags?post=10287"}],"curies":[{"name":"wp","href":"https:\/\/api.w.org\/{rel}","templated":true}]}}