{"id":10288,"date":"2007-07-26T11:07:00","date_gmt":"2007-07-26T11:07:00","guid":{"rendered":"http:\/\/localhost:81\/wp1\/?p=10288"},"modified":"2007-07-26T11:07:00","modified_gmt":"2007-07-26T11:07:00","slug":"campanha-em-sao-jacinto-lembra-que-ha-horas-perigosas-para-estar-ao-sol","status":"publish","type":"post","link":"https:\/\/sites.ecclesia.pt\/cv\/campanha-em-sao-jacinto-lembra-que-ha-horas-perigosas-para-estar-ao-sol\/","title":{"rendered":"Campanha em S\u00e3o Jacinto lembra que h\u00e1 horas perigosas para estar ao sol"},"content":{"rendered":"<p>No \u00e2mbito da Campanha Bandeira Azul, e com a colabora\u00e7\u00e3o da Associa\u00e7\u00e3o Portuguesa de Cancro Cut\u00e2neo \u2013 APCC, da Sociedade Portuguesa de Dermatologia e da Liga Portuguesa contra o Cancro, a C\u00e2mara Municipal de Aveiro promove em S\u00e3o Jacinto a campanha \u201cSol e Ver\u00e3o, Amanhecer\u2026 e\u2026 Entardecer\u2026 N\u00e3o d\u00e1 escald\u00e3o e a Pele n\u00e3o vai envelhecer\u201d, que visa alertar os veraneantes para o perigo da ex-posi\u00e7\u00e3o solar entre as 12h e as 16h. A campanha come\u00e7ou no passado dia 20 e prossegue nos dias 25, 27 e 30 de Julho, 1, 7 14 e 21 de Agosto. <\/p>\n<p>Nestes dias, os veraneantes ser\u00e3o sensibilizados para a protec\u00e7\u00e3o do sol atrav\u00e9s de material de divulga\u00e7\u00e3o e promo\u00e7\u00e3o de medidas adequadas ao conv\u00edvio com o sol (evitar a exposi\u00e7\u00e3o nas horas perigosas, usar protector solar, chap\u00e9u e vestu\u00e1rio adequado&#8230;.), a fim de minimizar o risco de cancro. Na Praia de S\u00e3o Jacinto, ser\u00e1 instalado um rel\u00f3gio solar que dar\u00e1 indica\u00e7\u00f5es dos per\u00edodos do dia em que a exposi\u00e7\u00e3o ao sol \u00e9 prejudicial. No primeiro dia de Agosto, haver\u00e1 distribui\u00e7\u00e3o gratuita de guarda s\u00f3is e material educativo.<\/p>\n<p>Cinzeiros ecol\u00f3gicos para fumar na praia<\/p>\n<p>Tem in\u00edcio amanh\u00e3, em S\u00e3o Jacinto, a iniciativa \u201cBeata\u2026 no ch\u00e3o, n\u00e3o, no cinz\u00e3o!!!\u201d, que consiste na constru\u00e7\u00e3o de cinzeiros ecol\u00f3gicos, que posteriormente ficar\u00e3o dispon\u00edveis junto ao cais da lancha, para que os que chegam \u00e0 \u00fanica praia do concelho de Aveiro possam utiliz\u00e1-los. Os ateli\u00eas decorrem na Junta de Freguesia (dia 26 de Julho), na praia (dia 27) e na Avenida Marginal (dias 9, 13 de Agosto, 10 e 13 de Setembro), sempre das 14h30 \u00e0s 18h30.<\/p>\n","protected":false},"excerpt":{"rendered":"<p>No \u00e2mbito da Campanha Bandeira Azul, e com a colabora\u00e7\u00e3o da Associa\u00e7\u00e3o Portuguesa de Cancro Cut\u00e2neo \u2013 APCC, da Sociedade Portuguesa de Dermatologia e da Liga Portuguesa contra o Cancro, a C\u00e2mara Municipal de Aveiro promove em S\u00e3o Jacinto a campanha \u201cSol e Ver\u00e3o, Amanhecer\u2026 e\u2026 Entardecer\u2026 N\u00e3o d\u00e1 escald\u00e3o e a Pele n\u00e3o vai [&hellip;]<\/p>\n","protected":false},"author":1,"featured_media":0,"comment_status":"open","ping_status":"open","sticky":false,"template":"","format":"standard","meta":{"footnotes":""},"categories":[45],"tags":[],"class_list":["post-10288","post","type-post","status-publish","format-standard","hentry","category-regioes"],"_links":{"self":[{"href":"https:\/\/sites.ecclesia.pt\/cv\/wp-json\/wp\/v2\/posts\/10288","targetHints":{"allow":["GET"]}}],"collection":[{"href":"https:\/\/sites.ecclesia.pt\/cv\/wp-json\/wp\/v2\/posts"}],"about":[{"href":"https:\/\/sites.ecclesia.pt\/cv\/wp-json\/wp\/v2\/types\/post"}],"author":[{"embeddable":true,"href":"https:\/\/sites.ecclesia.pt\/cv\/wp-json\/wp\/v2\/users\/1"}],"replies":[{"embeddable":true,"href":"https:\/\/sites.ecclesia.pt\/cv\/wp-json\/wp\/v2\/comments?post=10288"}],"version-history":[{"count":0,"href":"https:\/\/sites.ecclesia.pt\/cv\/wp-json\/wp\/v2\/posts\/10288\/revisions"}],"wp:attachment":[{"href":"https:\/\/sites.ecclesia.pt\/cv\/wp-json\/wp\/v2\/media?parent=10288"}],"wp:term":[{"taxonomy":"category","embeddable":true,"href":"https:\/\/sites.ecclesia.pt\/cv\/wp-json\/wp\/v2\/categories?post=10288"},{"taxonomy":"post_tag","embeddable":true,"href":"https:\/\/sites.ecclesia.pt\/cv\/wp-json\/wp\/v2\/tags?post=10288"}],"curies":[{"name":"wp","href":"https:\/\/api.w.org\/{rel}","templated":true}]}}