{"id":10289,"date":"2007-07-26T11:08:00","date_gmt":"2007-07-26T11:08:00","guid":{"rendered":"http:\/\/localhost:81\/wp1\/?p=10289"},"modified":"2007-07-26T11:08:00","modified_gmt":"2007-07-26T11:08:00","slug":"vestigios-da-muralha-de-aveiro-surgem-junto-ao-governo-civil","status":"publish","type":"post","link":"https:\/\/sites.ecclesia.pt\/cv\/vestigios-da-muralha-de-aveiro-surgem-junto-ao-governo-civil\/","title":{"rendered":"Vest\u00edgios da Muralha de Aveiro surgem junto ao Governo Civil"},"content":{"rendered":"<p>Prov\u00e1veis vest\u00edgios arqueol\u00f3gicos da antiga muralha de Aveiro foram postos a descoberto com a demoli\u00e7\u00e3o de um pr\u00e9dio antigo, pr\u00f3ximo do edif\u00edcio do Governo Civil de Aveiro, segundo revelou a ADERAV \u2013 Associa\u00e7\u00e3o de Defesa e Estudo do Patrim\u00f3nio Natural e Cultural da Regi\u00e3o de Aveiro, \u00e0 Ag\u00eancia Lusa.<\/p>\n<p>Segundo a Lusa, a ADERAV diz que o vest\u00edgio agora encontrado \u00e9 uma \u201cestrutura possante e s\u00f3lida e n\u00e3o de um pequeno muro, com cerca de dois metros de espessura e vis\u00edvel, neste momento, em cerca de tr\u00eas metros de altura, encaixada em constru\u00e7\u00f5es posteriores\u201d.<\/p>\n<p>Depois de durante muito tempo se pensar que a antiga muralha de Aveiro tinha desaparecido completamente, o antigo vereador da Cultura, Manuel Ferreira Rodrigues, p\u00f4s isso em causa, ao considerar que ainda existe um tro\u00e7o da muralha junto ao Cemit\u00e9rio Central, pr\u00f3ximo do F\u00f3rum de Aveiro.<\/p>\n","protected":false},"excerpt":{"rendered":"<p>Prov\u00e1veis vest\u00edgios arqueol\u00f3gicos da antiga muralha de Aveiro foram postos a descoberto com a demoli\u00e7\u00e3o de um pr\u00e9dio antigo, pr\u00f3ximo do edif\u00edcio do Governo Civil de Aveiro, segundo revelou a ADERAV \u2013 Associa\u00e7\u00e3o de Defesa e Estudo do Patrim\u00f3nio Natural e Cultural da Regi\u00e3o de Aveiro, \u00e0 Ag\u00eancia Lusa. Segundo a Lusa, a ADERAV diz [&hellip;]<\/p>\n","protected":false},"author":1,"featured_media":0,"comment_status":"open","ping_status":"open","sticky":false,"template":"","format":"standard","meta":{"footnotes":""},"categories":[45],"tags":[],"class_list":["post-10289","post","type-post","status-publish","format-standard","hentry","category-regioes"],"_links":{"self":[{"href":"https:\/\/sites.ecclesia.pt\/cv\/wp-json\/wp\/v2\/posts\/10289","targetHints":{"allow":["GET"]}}],"collection":[{"href":"https:\/\/sites.ecclesia.pt\/cv\/wp-json\/wp\/v2\/posts"}],"about":[{"href":"https:\/\/sites.ecclesia.pt\/cv\/wp-json\/wp\/v2\/types\/post"}],"author":[{"embeddable":true,"href":"https:\/\/sites.ecclesia.pt\/cv\/wp-json\/wp\/v2\/users\/1"}],"replies":[{"embeddable":true,"href":"https:\/\/sites.ecclesia.pt\/cv\/wp-json\/wp\/v2\/comments?post=10289"}],"version-history":[{"count":0,"href":"https:\/\/sites.ecclesia.pt\/cv\/wp-json\/wp\/v2\/posts\/10289\/revisions"}],"wp:attachment":[{"href":"https:\/\/sites.ecclesia.pt\/cv\/wp-json\/wp\/v2\/media?parent=10289"}],"wp:term":[{"taxonomy":"category","embeddable":true,"href":"https:\/\/sites.ecclesia.pt\/cv\/wp-json\/wp\/v2\/categories?post=10289"},{"taxonomy":"post_tag","embeddable":true,"href":"https:\/\/sites.ecclesia.pt\/cv\/wp-json\/wp\/v2\/tags?post=10289"}],"curies":[{"name":"wp","href":"https:\/\/api.w.org\/{rel}","templated":true}]}}