{"id":10290,"date":"2007-07-26T11:10:00","date_gmt":"2007-07-26T11:10:00","guid":{"rendered":"http:\/\/localhost:81\/wp1\/?p=10290"},"modified":"2007-07-26T11:10:00","modified_gmt":"2007-07-26T11:10:00","slug":"toldos-dos-armazens-de-aveiro","status":"publish","type":"post","link":"https:\/\/sites.ecclesia.pt\/cv\/toldos-dos-armazens-de-aveiro\/","title":{"rendered":"&#8220;Toldos&#8221; dos Armaz\u00e9ns de Aveiro"},"content":{"rendered":"<p>Pormenores de Aveiro <!--more--> O edif\u00edcio dos Armaz\u00e9ns de Aveiro, situado no in\u00edcio da Avenida Dr. Louren\u00e7o Peixinho, \u00e9 um \u201cex-libris\u201d da arquitectura comercial da cidade de Aveiro.<\/p>\n<p>A par das grandes montras e das cantarias, tanto do piso t\u00e9rreo como do andar superior, o que tamb\u00e9m chama a aten\u00e7\u00e3o do passeante \u00e9 o original \u201ctoldo\u201d que protege as montras do r\u00e9s-do-ch\u00e3o em toda a extens\u00e3o da fachada virada para a avenida e para o largo da Biblioteca Municipal.<\/p>\n<p>N\u00e3o \u00e9 um simples \u201ctoldo\u201d, mas uma estrutura, em que se destacam os suportes de ferro artisticamente trabalhado.<\/p>\n","protected":false},"excerpt":{"rendered":"<p>Pormenores de Aveiro<\/p>\n","protected":false},"author":1,"featured_media":0,"comment_status":"open","ping_status":"open","sticky":false,"template":"","format":"standard","meta":{"footnotes":""},"categories":[45],"tags":[],"class_list":["post-10290","post","type-post","status-publish","format-standard","hentry","category-regioes"],"_links":{"self":[{"href":"https:\/\/sites.ecclesia.pt\/cv\/wp-json\/wp\/v2\/posts\/10290","targetHints":{"allow":["GET"]}}],"collection":[{"href":"https:\/\/sites.ecclesia.pt\/cv\/wp-json\/wp\/v2\/posts"}],"about":[{"href":"https:\/\/sites.ecclesia.pt\/cv\/wp-json\/wp\/v2\/types\/post"}],"author":[{"embeddable":true,"href":"https:\/\/sites.ecclesia.pt\/cv\/wp-json\/wp\/v2\/users\/1"}],"replies":[{"embeddable":true,"href":"https:\/\/sites.ecclesia.pt\/cv\/wp-json\/wp\/v2\/comments?post=10290"}],"version-history":[{"count":0,"href":"https:\/\/sites.ecclesia.pt\/cv\/wp-json\/wp\/v2\/posts\/10290\/revisions"}],"wp:attachment":[{"href":"https:\/\/sites.ecclesia.pt\/cv\/wp-json\/wp\/v2\/media?parent=10290"}],"wp:term":[{"taxonomy":"category","embeddable":true,"href":"https:\/\/sites.ecclesia.pt\/cv\/wp-json\/wp\/v2\/categories?post=10290"},{"taxonomy":"post_tag","embeddable":true,"href":"https:\/\/sites.ecclesia.pt\/cv\/wp-json\/wp\/v2\/tags?post=10290"}],"curies":[{"name":"wp","href":"https:\/\/api.w.org\/{rel}","templated":true}]}}