{"id":103,"date":"2006-04-03T14:44:00","date_gmt":"2006-04-03T14:44:00","guid":{"rendered":"http:\/\/localhost:81\/wp1\/?p=103"},"modified":"2006-04-03T14:44:00","modified_gmt":"2006-04-03T14:44:00","slug":"trabalhar-com-os-jovens-que-vem","status":"publish","type":"post","link":"https:\/\/sites.ecclesia.pt\/cv\/trabalhar-com-os-jovens-que-vem\/","title":{"rendered":"Trabalhar com os jovens que v\u00eam&#8230;"},"content":{"rendered":"<p>Encontro dos Formadores dos Semin\u00e1rios <!--more--> Em Beja, de 1 a 4 de Setembro, decorreu um Encontro dos Formadores dos Semin\u00e1rios, subordinado ao tema \u201cO Semin\u00e1rio, Casa e Escola da Comunh\u00e3o\u201d, com a participa\u00e7\u00e3o de diversos respons\u00e1veis por aquelas casas de forma\u00e7\u00e3o. Esta ac\u00e7\u00e3o foi organizada  pela Comiss\u00e3o Episcopal do Clero, Semin\u00e1rios e Voca\u00e7\u00f5es.<\/p>\n<p>Como objectivos, o padre Virg\u00edlio Susana e Maia, novo Reitor do Semin\u00e1rio de Santa Joana Princesa e participante no Encontro, sublinhou ao Correio do Vouga a preocupa\u00e7\u00e3o que sentiu de se viver o encontro, a partilha de experi\u00eancias, o estudo, a ora\u00e7\u00e3o e a reflex\u00e3o, tendo em visto um trabalho mais consciente e mais respons\u00e1vel com \u201cos jovens que v\u00eam, que est\u00e3o e que h\u00e3o-de ir, depois de ordenados, para o mundo\u201d.<\/p>\n<p>O Reitor do Semin\u00e1rio de Aveiro afirmou que os seminaristas, como crist\u00e3os e um dia como pastores, \u201cs\u00e3o chamados a criar comunh\u00e3o, que \u00e9 a ess\u00eancia da Igreja e o ser de Deus\u201d. <\/p>\n<p>O encontro decorreu em torno, sobretudo, das confer\u00eancias do padre Jos\u00e9 Lu\u00eds Moreno Martinez, secret\u00e1rio da Comiss\u00e3o do Clero de Espanha. A primeira sobre \u201cSemin\u00e1rio: caminhos percorridos no p\u00f3s-Conc\u00edlio\u201d e a segunda \u00e0 volta de \u201cO minist\u00e9rio ordenado ao servi\u00e7o da Igreja Comunh\u00e3o\u201d.  <\/p>\n<p>Para o conferencista espanhol, o novo semin\u00e1rio deve apostar na autoforma\u00e7\u00e3o para a liberdade respons\u00e1vel, rumo a um projecto de vida em conson\u00e2ncia com o Vaticano II.  Citando um decreto conciliar, lembrou que \u201ctodas as dimens\u00f5es da forma\u00e7\u00e3o  \u2014 espiritual, intelectual e disciplinar \u2014 devem orientar-se conjuntamente para esta finalidade pastoral\u201d.<\/p>\n<p>Jos\u00e9 Lu\u00eds Moreno, depois de referir que o sacerdote \u00e9 um servidor da comunidade eclesial, lembrou que a sua ac\u00e7\u00e3o, no dia-a-dia, deve privilegiar a comunh\u00e3o com o bispo, com os presb\u00edteros e com o Povo de Deus e, ainda, por miss\u00e3o, com todos os homens.<\/p>\n<p>O prelector chamou a aten\u00e7\u00e3o para a import\u00e2ncia da espiritualidade, para a riqueza da diversidade, para a urg\u00eancia do di\u00e1logo a todos os n\u00edveis e para a unidade em torno do essencial da nossa f\u00e9. Ainda sugeriu a busca de consensos e a prem\u00eancia de se criarem e dinamizarem organismos de comunh\u00e3o.<\/p>\n<p>O padre Virg\u00edlio recordou ao Correio do Vouga que, no trabalho do dia-a-dia de um semin\u00e1rio, \u00e9 imperioso \u201cformar pastores que levem as pessoas a Cristo\u201d, atrav\u00e9s de todas as actividades em que se empenhem, redescobrindo, ao mesmo tempo, ac\u00e7\u00f5es pastorais que cativem e que levem \u00e0 comunh\u00e3o. <\/p>\n<p>F.M.<\/p>\n","protected":false},"excerpt":{"rendered":"<p>Encontro dos Formadores dos Semin\u00e1rios<\/p>\n","protected":false},"author":1,"featured_media":0,"comment_status":"open","ping_status":"open","sticky":false,"template":"","format":"standard","meta":{"footnotes":""},"categories":[70],"tags":[],"class_list":["post-103","post","type-post","status-publish","format-standard","hentry","category-diocese"],"_links":{"self":[{"href":"https:\/\/sites.ecclesia.pt\/cv\/wp-json\/wp\/v2\/posts\/103","targetHints":{"allow":["GET"]}}],"collection":[{"href":"https:\/\/sites.ecclesia.pt\/cv\/wp-json\/wp\/v2\/posts"}],"about":[{"href":"https:\/\/sites.ecclesia.pt\/cv\/wp-json\/wp\/v2\/types\/post"}],"author":[{"embeddable":true,"href":"https:\/\/sites.ecclesia.pt\/cv\/wp-json\/wp\/v2\/users\/1"}],"replies":[{"embeddable":true,"href":"https:\/\/sites.ecclesia.pt\/cv\/wp-json\/wp\/v2\/comments?post=103"}],"version-history":[{"count":0,"href":"https:\/\/sites.ecclesia.pt\/cv\/wp-json\/wp\/v2\/posts\/103\/revisions"}],"wp:attachment":[{"href":"https:\/\/sites.ecclesia.pt\/cv\/wp-json\/wp\/v2\/media?parent=103"}],"wp:term":[{"taxonomy":"category","embeddable":true,"href":"https:\/\/sites.ecclesia.pt\/cv\/wp-json\/wp\/v2\/categories?post=103"},{"taxonomy":"post_tag","embeddable":true,"href":"https:\/\/sites.ecclesia.pt\/cv\/wp-json\/wp\/v2\/tags?post=103"}],"curies":[{"name":"wp","href":"https:\/\/api.w.org\/{rel}","templated":true}]}}