{"id":10314,"date":"2007-08-01T16:59:00","date_gmt":"2007-08-01T16:59:00","guid":{"rendered":"http:\/\/localhost:81\/wp1\/?p=10314"},"modified":"2007-08-01T16:59:00","modified_gmt":"2007-08-01T16:59:00","slug":"beleza-e-tradicao","status":"publish","type":"post","link":"https:\/\/sites.ecclesia.pt\/cv\/beleza-e-tradicao\/","title":{"rendered":"Beleza e tradi\u00e7\u00e3o"},"content":{"rendered":"<p>Tarde de sol. Vento a proporcionar bom ritmo. Muita gente nas margens a assistir. Correu de fei\u00e7\u00e3o a 18\u00aa regata de moliceiros, entre a Torreira e Aveiro, no s\u00e1bado passado. Apenas um inconveniente. As obras na zona da antiga lota impediram que mais populares assistissem \u00e0 chegada das embarca\u00e7\u00f5es.<\/p>\n<p>Os 19 moliceiros (a organiza\u00e7\u00e3o falava em 25, mas v\u00e1rias testemunhas contaram apenas 19) proporcionaram um espect\u00e1culo \u00fanico, com o \u201cDoroteia Ver\u00f3nica\u201d, comandado por Gon\u00e7alo Vieira, da Bestida, a chegar em primeiro lugar \u00e0 antiga lota de Aveiro. Seguiram-se o \u201cJos\u00e9 Miguel\u201d, de Jos\u00e9 Vieira, e o \u201cJos\u00e9 Ant\u00f3nio\u201d, de Jos\u00e9 Rito. <\/p>\n<p>Num barco fretado pela Rota da Luz, seguiram de perto a regata v\u00e1rios convidados, que Correio do Vouga ouviu.<\/p>\n<p>Fernando Pi\u00f1eiro, presidente da Federaci\u00f3n Galega pola Cultura Mar\u00edtima e Fluvial, mostrou-se \u201cencantado e emocionado\u201d com a manifesta\u00e7\u00e3o n\u00e1utica e desejou que daqui a alguns anos \u201cem vez de 20 sejam 40\u201d os moliceiros neste \u201cacto desportivo e cultural\u201d. O respons\u00e1vel por algumas embarca\u00e7\u00f5es galegas que puderam ser apreciadas no Canal Central ficou estupefacto quando lhe disseram que em tempos chegaram a estar registados 2000 moliceiros na Capitania de Aveiro.<\/p>\n<p>Joaquim Baptista, vice-presidente da C\u00e2mara Municipal da Mur-tosa, apreciou esta \u201ccomemora\u00e7\u00e3o dos nossos valores\u201d, lembrou que no pr\u00f3ximo domingo, no Bico (Murtosa) haver\u00e1 outra regata (integrada nas festas do emigrante; parte \u00e0s 13h30) e defendeu: \u201cTemos de homenagear os homens que t\u00eam a coragem de manter os moliceiros, muitas vezes com preju\u00edzo econ\u00f3mico\u201d.<\/p>\n<p>Cap\u00e3o Filipe, vereador da C\u00e2mara Municipal de Aveiro, por seu turno, considerou que \u201cest\u00e1 consolidada a estrat\u00e9gia para fazer da regata um acontecimento \u00fanico em Portugal e de posicionamento de Aveiro no mundo\u201d.<\/p>\n<p>Pedro Silva, presidente da Rota da Luz, mostrou-se agradado por ter visto muito p\u00fablico em v\u00e1rios pontos da regata e avan\u00e7ou com algumas ideias para aumentar a participa\u00e7\u00e3o popular: \u201cVamos elaborar mapas com pontos interessantes para assistir \u00e0 regata e dar a conhecer as vias de acesso por autom\u00f3vel\u201d. Ainda alguns barcos n\u00e3o tinham chegado \u00e0 meta e dizia o respons\u00e1vel da Rota da Luz: \u201cJ\u00e1 estamos a trabalhar na pr\u00f3xima regata. Para o ano, queremos mais\u201d.<\/p>\n<p>No domingo, o concurso de pain\u00e9is foi ganho pelo moliceiro \u201cRicardo S\u00e9rgio\u201d, de Marco Silva, da Torreira.<\/p>\n<p>J.P.F.<\/p>\n","protected":false},"excerpt":{"rendered":"<p>Tarde de sol. Vento a proporcionar bom ritmo. Muita gente nas margens a assistir. Correu de fei\u00e7\u00e3o a 18\u00aa regata de moliceiros, entre a Torreira e Aveiro, no s\u00e1bado passado. Apenas um inconveniente. As obras na zona da antiga lota impediram que mais populares assistissem \u00e0 chegada das embarca\u00e7\u00f5es. Os 19 moliceiros (a organiza\u00e7\u00e3o falava [&hellip;]<\/p>\n","protected":false},"author":1,"featured_media":0,"comment_status":"open","ping_status":"open","sticky":false,"template":"","format":"standard","meta":{"footnotes":""},"categories":[38],"tags":[],"class_list":["post-10314","post","type-post","status-publish","format-standard","hentry","category-destaque"],"_links":{"self":[{"href":"https:\/\/sites.ecclesia.pt\/cv\/wp-json\/wp\/v2\/posts\/10314","targetHints":{"allow":["GET"]}}],"collection":[{"href":"https:\/\/sites.ecclesia.pt\/cv\/wp-json\/wp\/v2\/posts"}],"about":[{"href":"https:\/\/sites.ecclesia.pt\/cv\/wp-json\/wp\/v2\/types\/post"}],"author":[{"embeddable":true,"href":"https:\/\/sites.ecclesia.pt\/cv\/wp-json\/wp\/v2\/users\/1"}],"replies":[{"embeddable":true,"href":"https:\/\/sites.ecclesia.pt\/cv\/wp-json\/wp\/v2\/comments?post=10314"}],"version-history":[{"count":0,"href":"https:\/\/sites.ecclesia.pt\/cv\/wp-json\/wp\/v2\/posts\/10314\/revisions"}],"wp:attachment":[{"href":"https:\/\/sites.ecclesia.pt\/cv\/wp-json\/wp\/v2\/media?parent=10314"}],"wp:term":[{"taxonomy":"category","embeddable":true,"href":"https:\/\/sites.ecclesia.pt\/cv\/wp-json\/wp\/v2\/categories?post=10314"},{"taxonomy":"post_tag","embeddable":true,"href":"https:\/\/sites.ecclesia.pt\/cv\/wp-json\/wp\/v2\/tags?post=10314"}],"curies":[{"name":"wp","href":"https:\/\/api.w.org\/{rel}","templated":true}]}}