{"id":10315,"date":"2007-08-01T17:01:00","date_gmt":"2007-08-01T17:01:00","guid":{"rendered":"http:\/\/localhost:81\/wp1\/?p=10315"},"modified":"2007-08-01T17:01:00","modified_gmt":"2007-08-01T17:01:00","slug":"festa-do-emigrante-na-murtosa-2","status":"publish","type":"post","link":"https:\/\/sites.ecclesia.pt\/cv\/festa-do-emigrante-na-murtosa-2\/","title":{"rendered":"&#8220;Festa do Emigrante&#8221; na Murtosa"},"content":{"rendered":"<p>No pr\u00f3ximo fim de semana ir\u00e1 decorrer, no Cais do Bico, mais uma edi\u00e7\u00e3o da tradicional \u201cFesta do Emigrante\u201d, evento promovido pela C\u00e2mara Municipal da Murtosa com o intuito de homenagear os milhares de emigrantes murtoseiros espalhados pelo mundo, nomeadamente a sua grande comunidade residente no Estado de New Jersey (na \u00e1rea metropolitana da cidade de Newark), nos Estados Unidos da Am\u00e9rica.<\/p>\n<p>O programa dos festejos inicia-se na sexta-feira, pelas 21h15, com uma sess\u00e3o solene no Sal\u00e3o Nobre da C\u00e2mara Municipal da Murtosa, com a recep\u00e7\u00e3o \u00e0s personalidades convidadas, entre as quais, Augusto Amador e Anna Pereira, respectivamente, vereador da C\u00e2mara de Newark e ju\u00edza nessa mesma edilidade. Segue-se uma confer\u00eancia sobre tem\u00e1tica da emigra\u00e7\u00e3o, moderada por Jorge Arroteia, professor da Universidade de Aveiro. A sess\u00e3o termina com o lan\u00e7amento do livro \u201cMurtosa \u2013 Romaria de S. Paio da Torreira\u201d.<\/p>\n<p>No s\u00e1bado, pelas 9h15, na Igreja Matriz da Murtosa ser\u00e1 celebrada uma Missa de Ac\u00e7\u00e3o de Gra\u00e7as, presidida pelo Padre Jorge Amaro, da Igreja de Nossa Senhora de F\u00e1tima, de Newark. A partir das 21h30, no Cais do Bico, haver\u00e1 tasquinhas de \u201ccomes e bebes\u201d e arraial, com a participa\u00e7\u00e3o de uma s\u00e9rie de colectividades da Murtosa, entre as quais, o Rancho Folcl\u00f3rico \u201cOs Camponeses da Beira-Ria\u201d, o Rancho Infantil \u201cAs Andorinhas de S\u00e3o Silvestre\u201d, a Associa\u00e7\u00e3o Desportiva e Recreativa das Quintas e o Grupo Musical Bunheirense.<\/p>\n<p>No domingo, a anima\u00e7\u00e3o no Cais do Bico come\u00e7ar\u00e1 pelas 10 horas, com as tasquinhas. Para as 13h30, est\u00e1 marcado o in\u00edcio de uma regata de barcos moliceiros, seguida de arraial. Pelas 16h30, haver\u00e1 um concurso de beleza e uma prova pr\u00e1tica de \u201cC\u00e3o de \u00c1gua Portugu\u00eas\u201d, ra\u00e7a can\u00eddea aut\u00f3ctone de Portugal caracterizada pelas suas aptid\u00f5es naturais para andar na \u00e1gua.<\/p>\n","protected":false},"excerpt":{"rendered":"<p>No pr\u00f3ximo fim de semana ir\u00e1 decorrer, no Cais do Bico, mais uma edi\u00e7\u00e3o da tradicional \u201cFesta do Emigrante\u201d, evento promovido pela C\u00e2mara Municipal da Murtosa com o intuito de homenagear os milhares de emigrantes murtoseiros espalhados pelo mundo, nomeadamente a sua grande comunidade residente no Estado de New Jersey (na \u00e1rea metropolitana da cidade [&hellip;]<\/p>\n","protected":false},"author":1,"featured_media":0,"comment_status":"open","ping_status":"open","sticky":false,"template":"","format":"standard","meta":{"footnotes":""},"categories":[45],"tags":[],"class_list":["post-10315","post","type-post","status-publish","format-standard","hentry","category-regioes"],"_links":{"self":[{"href":"https:\/\/sites.ecclesia.pt\/cv\/wp-json\/wp\/v2\/posts\/10315","targetHints":{"allow":["GET"]}}],"collection":[{"href":"https:\/\/sites.ecclesia.pt\/cv\/wp-json\/wp\/v2\/posts"}],"about":[{"href":"https:\/\/sites.ecclesia.pt\/cv\/wp-json\/wp\/v2\/types\/post"}],"author":[{"embeddable":true,"href":"https:\/\/sites.ecclesia.pt\/cv\/wp-json\/wp\/v2\/users\/1"}],"replies":[{"embeddable":true,"href":"https:\/\/sites.ecclesia.pt\/cv\/wp-json\/wp\/v2\/comments?post=10315"}],"version-history":[{"count":0,"href":"https:\/\/sites.ecclesia.pt\/cv\/wp-json\/wp\/v2\/posts\/10315\/revisions"}],"wp:attachment":[{"href":"https:\/\/sites.ecclesia.pt\/cv\/wp-json\/wp\/v2\/media?parent=10315"}],"wp:term":[{"taxonomy":"category","embeddable":true,"href":"https:\/\/sites.ecclesia.pt\/cv\/wp-json\/wp\/v2\/categories?post=10315"},{"taxonomy":"post_tag","embeddable":true,"href":"https:\/\/sites.ecclesia.pt\/cv\/wp-json\/wp\/v2\/tags?post=10315"}],"curies":[{"name":"wp","href":"https:\/\/api.w.org\/{rel}","templated":true}]}}