{"id":10316,"date":"2007-08-01T17:02:00","date_gmt":"2007-08-01T17:02:00","guid":{"rendered":"http:\/\/localhost:81\/wp1\/?p=10316"},"modified":"2007-08-01T17:02:00","modified_gmt":"2007-08-01T17:02:00","slug":"animacao-na-praia-da-vagueira","status":"publish","type":"post","link":"https:\/\/sites.ecclesia.pt\/cv\/animacao-na-praia-da-vagueira\/","title":{"rendered":"Anima\u00e7\u00e3o na praia da Vagueira"},"content":{"rendered":"<p>No m\u00eas de Agosto, o programa de anima\u00e7\u00e3o no largo principal da Praia da Vagueira \u00e9 diversificado e inclui m\u00fasica, gastronomia, artesanato, livros, jogos e ateli\u00eas.<\/p>\n<p>Na grande tenda que \u201cfecha\u201d o largo, a poente, est\u00e3o diversos servi\u00e7os de \u00edndole cultural, nomeadamente uma biblioteca, um espa\u00e7o de jogos e ateliers did\u00e1cticos (que tamb\u00e9m pode servir de ATL para o p\u00fablico mais infantil e juvenil) e uma mostra de artesanato regional.<\/p>\n<p>A VII Milha Urbana Praia da Vagueira, organizada pelo GRECAS, de Santo Ant\u00f3nio de Vagos, ser\u00e1 disputada no dia 4, a partir das 21h30.<\/p>\n<p>No palco montado do lado norte, ir\u00e3o decorrer v\u00e1rios espect\u00e1culos musicais, entre os quais os realizados pelo Grupo Folcl\u00f3rico e Etnogr\u00e1fico da ARCO (dia 3), pelo Rancho Folcl\u00f3rico \u201cLuz e Vida\u201d, da Ponte de Vagos (dia 10), pela Fanfarra da ARCO (dia 11), pelo Rancho Folcl\u00f3rico \u201cRosas Brancas\u201d, de Salgueiro (dia 17) e pela Tuna Regional de Ponte de Vagos (dia 24). Todos os espect\u00e1culos ter\u00e3o in\u00edcio pelas 22 horas.<\/p>\n<p>O programa de anima\u00e7\u00e3o musical encerrar\u00e1 no dia 2 de Setembro, com um festival de folclore, que decorrer\u00e1 a partir das 16 horas, com a participa\u00e7\u00e3o do Rancho Folcl\u00f3rico de S\u00e3o Pedro do Vale, de Arcos de Valdevez, do Rancho Etnogr\u00e1fico Santa Maria de Negrelos, de Santo Tirso, do Rancho T\u00edpico de Pombal e do Grupo Folcl\u00f3rico de Santo Ant\u00f3nio de Vagos.<\/p>\n","protected":false},"excerpt":{"rendered":"<p>No m\u00eas de Agosto, o programa de anima\u00e7\u00e3o no largo principal da Praia da Vagueira \u00e9 diversificado e inclui m\u00fasica, gastronomia, artesanato, livros, jogos e ateli\u00eas. Na grande tenda que \u201cfecha\u201d o largo, a poente, est\u00e3o diversos servi\u00e7os de \u00edndole cultural, nomeadamente uma biblioteca, um espa\u00e7o de jogos e ateliers did\u00e1cticos (que tamb\u00e9m pode servir [&hellip;]<\/p>\n","protected":false},"author":1,"featured_media":0,"comment_status":"open","ping_status":"open","sticky":false,"template":"","format":"standard","meta":{"footnotes":""},"categories":[45],"tags":[],"class_list":["post-10316","post","type-post","status-publish","format-standard","hentry","category-regioes"],"_links":{"self":[{"href":"https:\/\/sites.ecclesia.pt\/cv\/wp-json\/wp\/v2\/posts\/10316","targetHints":{"allow":["GET"]}}],"collection":[{"href":"https:\/\/sites.ecclesia.pt\/cv\/wp-json\/wp\/v2\/posts"}],"about":[{"href":"https:\/\/sites.ecclesia.pt\/cv\/wp-json\/wp\/v2\/types\/post"}],"author":[{"embeddable":true,"href":"https:\/\/sites.ecclesia.pt\/cv\/wp-json\/wp\/v2\/users\/1"}],"replies":[{"embeddable":true,"href":"https:\/\/sites.ecclesia.pt\/cv\/wp-json\/wp\/v2\/comments?post=10316"}],"version-history":[{"count":0,"href":"https:\/\/sites.ecclesia.pt\/cv\/wp-json\/wp\/v2\/posts\/10316\/revisions"}],"wp:attachment":[{"href":"https:\/\/sites.ecclesia.pt\/cv\/wp-json\/wp\/v2\/media?parent=10316"}],"wp:term":[{"taxonomy":"category","embeddable":true,"href":"https:\/\/sites.ecclesia.pt\/cv\/wp-json\/wp\/v2\/categories?post=10316"},{"taxonomy":"post_tag","embeddable":true,"href":"https:\/\/sites.ecclesia.pt\/cv\/wp-json\/wp\/v2\/tags?post=10316"}],"curies":[{"name":"wp","href":"https:\/\/api.w.org\/{rel}","templated":true}]}}