{"id":10319,"date":"2007-08-01T17:32:00","date_gmt":"2007-08-01T17:32:00","guid":{"rendered":"http:\/\/localhost:81\/wp1\/?p=10319"},"modified":"2007-08-01T17:32:00","modified_gmt":"2007-08-01T17:32:00","slug":"farav-abre-no-proximo-sabado","status":"publish","type":"post","link":"https:\/\/sites.ecclesia.pt\/cv\/farav-abre-no-proximo-sabado\/","title":{"rendered":"FARAV abre no pr\u00f3ximo s\u00e1bado"},"content":{"rendered":"<p>A 28\u00aa Feira de Artesanato da Regi\u00e3o de Aveiro tem in\u00edcio no pr\u00f3ximo s\u00e1bado, 4 de Agosto, no Parque de Exposi\u00e7\u00f5es de Aveiro, e decorre at\u00e9 12 de Agosto. O certame inclui a 20\u00aa Mostra Nacional e Internacional de Artesanato e a 2\u00aa Mostra Nacional de Gastronomia Regional.<\/p>\n<p>A Farav aceitou 153 inscri\u00e7\u00f5es, sendo 91 de artes\u00e3os devidamente credenciados e oito j\u00e1 com pedido de Carta Artes\u00e3os. Ao todo estar\u00e3o 65 artes\u00e3os a trabalhar ao vivo. \u00c0 semelhan\u00e7a do ano passado, ser\u00e1 atribu\u00eddo o maior pr\u00e9mio individual de artesanato do pa\u00eds \u2013 2.307,00 euros, \u00e0 melhor pe\u00e7a de artesanato da Feira. A divulga\u00e7\u00e3o do vencedor ser\u00e1 feita no dia 11 de Agosto. De salientar ainda que haver\u00e1 23 novos artes\u00e3os pela primeira vez neste certame.<\/p>\n<p>A 20\u00aa Mostra Nacional e Internacional de Artesanato conta com a participa\u00e7\u00e3o de 12 representa\u00e7\u00f5es estrangeiras: R\u00fassia, Gana, Senegal, Mali, Peru, Bol\u00edvia, Qu\u00e9nia, Equador, Africa, \u00cdndia, Hong Kong e Venezuela.<\/p>\n","protected":false},"excerpt":{"rendered":"<p>A 28\u00aa Feira de Artesanato da Regi\u00e3o de Aveiro tem in\u00edcio no pr\u00f3ximo s\u00e1bado, 4 de Agosto, no Parque de Exposi\u00e7\u00f5es de Aveiro, e decorre at\u00e9 12 de Agosto. O certame inclui a 20\u00aa Mostra Nacional e Internacional de Artesanato e a 2\u00aa Mostra Nacional de Gastronomia Regional. A Farav aceitou 153 inscri\u00e7\u00f5es, sendo 91 [&hellip;]<\/p>\n","protected":false},"author":1,"featured_media":0,"comment_status":"open","ping_status":"open","sticky":false,"template":"","format":"standard","meta":{"footnotes":""},"categories":[45],"tags":[],"class_list":["post-10319","post","type-post","status-publish","format-standard","hentry","category-regioes"],"_links":{"self":[{"href":"https:\/\/sites.ecclesia.pt\/cv\/wp-json\/wp\/v2\/posts\/10319","targetHints":{"allow":["GET"]}}],"collection":[{"href":"https:\/\/sites.ecclesia.pt\/cv\/wp-json\/wp\/v2\/posts"}],"about":[{"href":"https:\/\/sites.ecclesia.pt\/cv\/wp-json\/wp\/v2\/types\/post"}],"author":[{"embeddable":true,"href":"https:\/\/sites.ecclesia.pt\/cv\/wp-json\/wp\/v2\/users\/1"}],"replies":[{"embeddable":true,"href":"https:\/\/sites.ecclesia.pt\/cv\/wp-json\/wp\/v2\/comments?post=10319"}],"version-history":[{"count":0,"href":"https:\/\/sites.ecclesia.pt\/cv\/wp-json\/wp\/v2\/posts\/10319\/revisions"}],"wp:attachment":[{"href":"https:\/\/sites.ecclesia.pt\/cv\/wp-json\/wp\/v2\/media?parent=10319"}],"wp:term":[{"taxonomy":"category","embeddable":true,"href":"https:\/\/sites.ecclesia.pt\/cv\/wp-json\/wp\/v2\/categories?post=10319"},{"taxonomy":"post_tag","embeddable":true,"href":"https:\/\/sites.ecclesia.pt\/cv\/wp-json\/wp\/v2\/tags?post=10319"}],"curies":[{"name":"wp","href":"https:\/\/api.w.org\/{rel}","templated":true}]}}