{"id":10320,"date":"2007-08-01T17:33:00","date_gmt":"2007-08-01T17:33:00","guid":{"rendered":"http:\/\/localhost:81\/wp1\/?p=10320"},"modified":"2007-08-01T17:33:00","modified_gmt":"2007-08-01T17:33:00","slug":"esculturas-nas-pontes","status":"publish","type":"post","link":"https:\/\/sites.ecclesia.pt\/cv\/esculturas-nas-pontes\/","title":{"rendered":"Esculturas nas &#8220;Pontes&#8221;"},"content":{"rendered":"<p>Pormenores de Aveiro <!--more--> O \u201cMarnoto\u201d, a \u201cSalineira\u201d, o \u201cFogueteiro\u201d e a \u201cParceira do ramo\u201d s\u00e3o quatro figuras t\u00edpicas de Aveiro representadas em outras tantas esculturas, da autoria do escultor aveirense Afonso Henrique, situadas na Pra\u00e7a General Humberto Delgado (mais conhecida por Ponte Pra\u00e7a ou por Pontes), em Aveiro.<\/p>\n<p>Estas esculturas faziam parte de um projecto art\u00edstico mais abrangente, que tinha por objectivo colocar cerca de duas dezenas de esculturas, representando as principais figuras t\u00edpicas de Aveiro, ao longo do Canal Central, entre as \u201cPontes\u201d e as proximidades do Canal de S. Roque. No entanto, o projecto ficou-se pela concep\u00e7\u00e3o e coloca\u00e7\u00e3o das primeiras quatro esculturas nas \u201cPontes\u201d.<\/p>\n<p>C. F.<\/p>\n","protected":false},"excerpt":{"rendered":"<p>Pormenores de Aveiro<\/p>\n","protected":false},"author":1,"featured_media":0,"comment_status":"open","ping_status":"open","sticky":false,"template":"","format":"standard","meta":{"footnotes":""},"categories":[45],"tags":[],"class_list":["post-10320","post","type-post","status-publish","format-standard","hentry","category-regioes"],"_links":{"self":[{"href":"https:\/\/sites.ecclesia.pt\/cv\/wp-json\/wp\/v2\/posts\/10320","targetHints":{"allow":["GET"]}}],"collection":[{"href":"https:\/\/sites.ecclesia.pt\/cv\/wp-json\/wp\/v2\/posts"}],"about":[{"href":"https:\/\/sites.ecclesia.pt\/cv\/wp-json\/wp\/v2\/types\/post"}],"author":[{"embeddable":true,"href":"https:\/\/sites.ecclesia.pt\/cv\/wp-json\/wp\/v2\/users\/1"}],"replies":[{"embeddable":true,"href":"https:\/\/sites.ecclesia.pt\/cv\/wp-json\/wp\/v2\/comments?post=10320"}],"version-history":[{"count":0,"href":"https:\/\/sites.ecclesia.pt\/cv\/wp-json\/wp\/v2\/posts\/10320\/revisions"}],"wp:attachment":[{"href":"https:\/\/sites.ecclesia.pt\/cv\/wp-json\/wp\/v2\/media?parent=10320"}],"wp:term":[{"taxonomy":"category","embeddable":true,"href":"https:\/\/sites.ecclesia.pt\/cv\/wp-json\/wp\/v2\/categories?post=10320"},{"taxonomy":"post_tag","embeddable":true,"href":"https:\/\/sites.ecclesia.pt\/cv\/wp-json\/wp\/v2\/tags?post=10320"}],"curies":[{"name":"wp","href":"https:\/\/api.w.org\/{rel}","templated":true}]}}