{"id":10321,"date":"2007-08-01T17:35:00","date_gmt":"2007-08-01T17:35:00","guid":{"rendered":"http:\/\/localhost:81\/wp1\/?p=10321"},"modified":"2007-08-01T17:35:00","modified_gmt":"2007-08-01T17:35:00","slug":"urgencia-do-hospital-visconde-de-salreu-fechada-durante-a-noite","status":"publish","type":"post","link":"https:\/\/sites.ecclesia.pt\/cv\/urgencia-do-hospital-visconde-de-salreu-fechada-durante-a-noite\/","title":{"rendered":"Urg\u00eancia do Hospital Visconde de Salreu fechada durante a noite"},"content":{"rendered":"<p>Estarreja <!--more--> O Hospital Visconde de Salreu ir\u00e1 centrar a sua actividade \u201cna cirurgia de ambulat\u00f3rio, podendo incluir a laparosc\u00f3pica, no internamento de medicina e de cirurgia, nos cuidados continuados, servi\u00e7os de apoio que estender\u00e1 aos centros de sa\u00fade de Estarreja e Murtosa, no \u00e2mbito da patologia cl\u00ednica, da medicina f\u00edsica e reabilita\u00e7\u00e3o e de consultas de ambulat\u00f3rio para um n\u00famero acrescido de especialidades, para al\u00e9m das j\u00e1 existentes\u201d, refere o protocolo entre a C\u00e2mara Municipal de Estarreja e a Administra\u00e7\u00e3o Regional de Sa\u00fade do Centro (ARS do Centro), cuja sess\u00e3o de assinatura contou com a presen\u00e7a do Ministro da Sa\u00fade, Correia de Campos.<\/p>\n<p>Para satisfazer esse objectivo, ser\u00e3o assinados \u201cprotocolos com outras institui\u00e7\u00f5es hospitalares, nomeadamente com inclus\u00e3o de obstetr\u00edcia \/ ginecologia, pneumologia, pediatria, fisiatria e de outras especialidades que o Hospital, dentro do seu perfil, entenda no futuro serem importantes para o seu desempenho\u201d. Para isso, \u201cser\u00e3o progressivamente realizadas as remodela\u00e7\u00f5es f\u00edsicas e funcionais que se considerem necess\u00e1rias\u201d.<\/p>\n<p>Esse poss\u00edvel aumento de val\u00eancias do hospital estarrejense surge na decis\u00e3o ministerial de encerrar o servi\u00e7o de urg\u00eancia daquele estabelecimento de sa\u00fade entre as 24 e as 8 horas. O Hospital \u201cadaptar-se-\u00e1 de modo a acomodar, nas suas actuais instala\u00e7\u00f5es da urg\u00eancia, uma consulta n\u00e3o-programada para casos agudos do foro ambulat\u00f3rio, garantindo permanentemente o acesso aos MCDT\u2019s e, se for caso disso, o respectivo internamento\u201d, l\u00ea-se no protocolo agora assinado, o qual especifica que essa consulta, \u201cque dever\u00e1 ser implementada at\u00e9 final de 2007, funcionar\u00e1 sob a responsabilidade do Centro de Sa\u00fade, todos os dias do ano e em hor\u00e1rio alargado das 08h00 \u00e0s 24h00\u201d.<\/p>\n<p>Os casos que ocorram durante a noite ser\u00e3o encaminhados para o Hospital Infante D. Pedro, de Aveiro, ou para o Hospital de S. Sebas-ti\u00e3o, de Santa Maria da Feira, segundo o modelo de referencia\u00e7\u00e3o a acordar. At\u00e9 ao final do corrente ano, o servi\u00e7o de socorro e transporte pr\u00e9-hospitalar dos doentes urgentes e emergentes ser\u00e1 refor\u00e7ado com uma ambul\u00e2ncia INEM com TAE, de tripula\u00e7\u00e3o profissionalizada, sob coordena\u00e7\u00e3o do INEM e em colabora\u00e7\u00e3o com os Bombeiros Volunt\u00e1rios de Estarreja. A par disso, ser\u00e1 criado um heliporto.<\/p>\n<p>Ainda de acordo com o protocolo agora assinado, a ARS do Centro, em colabora\u00e7\u00e3o com a c\u00e2mara municipal, ir\u00e1 requalificar as Extens\u00f5es de Sa\u00fade de Veiros, de Canelas e de Fermel\u00e3. Igualmente, a ARS do Centro e a Unidade de Miss\u00e3o dos Cuidados de Sa\u00fade Prim\u00e1rios promover\u00e3o a cria\u00e7\u00e3o de Unidades de Sa\u00fade Familiar na \u00e1rea de atrac\u00e7\u00e3o do Hospital, de modo a melhorar a assist\u00eancia dos utentes na rede de cuidados de sa\u00fade prim\u00e1rios, inclusive dos casos agudos n\u00e3o programados. Durante 2008, a ARS do Centro desenvolver\u00e1 os meios de telemedicina para apoio do Hospital e dos centros de sa\u00fade da sua \u00e1rea de atrac\u00e7\u00e3o.<\/p>\n<p>C.F.<\/p>\n<p>\u201cN\u00e3o desistiremos\u201d, diz Jos\u00e9 Eduardo Matos<\/p>\n<p>Apesar de assinar o protocolo, o presidente da C\u00e2mara Municipal de Estarreja, Jos\u00e9 Eduardo Matos, dirigindo-se ao Ministro da Sa\u00fade, afirmou \u201cj\u00e1 h\u00e1 muito percebeu que defendemos a cria\u00e7\u00e3o de uma Unidade B\u00e1sica de Urg\u00eancia em Estarreja. E de uma Polivalente em Aveiro. N\u00e3o desistiremos\u201d.<\/p>\n<p>O autarca foi ainda mais longe, ao dizer:  \u201ce quem sabe, n\u00e3o far\u00e1 sentido vir a criar-se o Centro Hospitalar de Ovar \/ Estarreja, servindo estes 100.000 habitantes, que se estendem \u00e0 Murtosa e a Aveiro (S. Jacinto), cujos anseios tamb\u00e9m defendemos. Com efeito, porque conhecemos, duvidamos muito legitimamente da capacidade de resposta de Aveiro. Veremos a Feira\u201d.<\/p>\n<p>Por tudo isso, o edil de Estarreja alertou Correia de Campos, ao dizer:  \u201cc\u00e1 estaremos semestralmente a avaliar a bondade desta op\u00e7\u00e3o governamental\u201d.<\/p>\n<p>Ministro visitou Casa Museu Egas Moniz<\/p>\n<p>Na visita \u00e0 Casa Museu Egas Moniz, Jos\u00e9 Eduardo Matos convidou o ministro Correia de Campos a apoiar essa casa museu e a \u201cpossibilitar a consolida\u00e7\u00e3o dos projectos que aqui se inspiram. Da beneficia\u00e7\u00e3o e requalifica\u00e7\u00e3o da casa e da circundante Quinta do Marinheiro; de um espa\u00e7o Ci\u00eancia Viva, na \u00e1rea da Medicina; da potencia\u00e7\u00e3o do novo Centro de Documenta\u00e7\u00e3o; da articula\u00e7\u00e3o com Cursos de Sa\u00fade \/ Medicina. Estamos perante o \u00fanico portugu\u00eas Pr\u00e9mio Nobel da Medicina\u201d.<\/p>\n<p>Depois de perguntar \u201co que tem feito o Governo portugu\u00eas pela preserva\u00e7\u00e3o e assump\u00e7\u00e3o da sua mem\u00f3ria, vida e obra\u201d, o autarca desafiou \u201co actual Ministro da Sa\u00fade a fazer a diferen\u00e7a\u201d, j\u00e1 que \u201cs\u00e3o os esp\u00edritos como os de Egas Moniz que devem ser multiplicados. E temos t\u00e3o poucos\u201d.<\/p>\n<p>Em resposta, Correia de Campos afirmou que o seu minist\u00e9rio \u201ctem plena consci\u00eancia da import\u00e2ncia deste museu e da necessidade de o tornar mais dispon\u00edvel, mais acess\u00edvel e vivo\u201d. <\/p>\n","protected":false},"excerpt":{"rendered":"<p>Estarreja<\/p>\n","protected":false},"author":1,"featured_media":0,"comment_status":"open","ping_status":"open","sticky":false,"template":"","format":"standard","meta":{"footnotes":""},"categories":[45],"tags":[],"class_list":["post-10321","post","type-post","status-publish","format-standard","hentry","category-regioes"],"_links":{"self":[{"href":"https:\/\/sites.ecclesia.pt\/cv\/wp-json\/wp\/v2\/posts\/10321","targetHints":{"allow":["GET"]}}],"collection":[{"href":"https:\/\/sites.ecclesia.pt\/cv\/wp-json\/wp\/v2\/posts"}],"about":[{"href":"https:\/\/sites.ecclesia.pt\/cv\/wp-json\/wp\/v2\/types\/post"}],"author":[{"embeddable":true,"href":"https:\/\/sites.ecclesia.pt\/cv\/wp-json\/wp\/v2\/users\/1"}],"replies":[{"embeddable":true,"href":"https:\/\/sites.ecclesia.pt\/cv\/wp-json\/wp\/v2\/comments?post=10321"}],"version-history":[{"count":0,"href":"https:\/\/sites.ecclesia.pt\/cv\/wp-json\/wp\/v2\/posts\/10321\/revisions"}],"wp:attachment":[{"href":"https:\/\/sites.ecclesia.pt\/cv\/wp-json\/wp\/v2\/media?parent=10321"}],"wp:term":[{"taxonomy":"category","embeddable":true,"href":"https:\/\/sites.ecclesia.pt\/cv\/wp-json\/wp\/v2\/categories?post=10321"},{"taxonomy":"post_tag","embeddable":true,"href":"https:\/\/sites.ecclesia.pt\/cv\/wp-json\/wp\/v2\/tags?post=10321"}],"curies":[{"name":"wp","href":"https:\/\/api.w.org\/{rel}","templated":true}]}}