{"id":10322,"date":"2007-08-01T17:36:00","date_gmt":"2007-08-01T17:36:00","guid":{"rendered":"http:\/\/localhost:81\/wp1\/?p=10322"},"modified":"2007-08-01T17:36:00","modified_gmt":"2007-08-01T17:36:00","slug":"camara-leva-municipes-a-praia","status":"publish","type":"post","link":"https:\/\/sites.ecclesia.pt\/cv\/camara-leva-municipes-a-praia\/","title":{"rendered":"C\u00e2mara leva mun\u00edcipes \u00e0 praia"},"content":{"rendered":"<p>\u00c1gueda <!--more--> A exemplo do verificado no ano passado, no m\u00eas de Agosto, a C\u00e2mara Municipal de \u00c1gueda garante o transporte dos mun\u00edci-pes do concelho para a Praia da Barra.<\/p>\n<p>O transporte ser\u00e1 feito todas as quintas e sextas-feiras do m\u00eas de Agosto. A partida \u00e9 pelas 9 horas, junto ao Quartel dos Bombeiros Volunt\u00e1rios de \u00c1gueda, enquanto a chegada, nesse mesmo local, dever\u00e1 ocorrer pelas 17 horas. Os mun\u00edcipes interessados devem inscrever-se na sede da respectiva Junta de Freguesia.<\/p>\n","protected":false},"excerpt":{"rendered":"<p>\u00c1gueda<\/p>\n","protected":false},"author":1,"featured_media":0,"comment_status":"open","ping_status":"open","sticky":false,"template":"","format":"standard","meta":{"footnotes":""},"categories":[45],"tags":[],"class_list":["post-10322","post","type-post","status-publish","format-standard","hentry","category-regioes"],"_links":{"self":[{"href":"https:\/\/sites.ecclesia.pt\/cv\/wp-json\/wp\/v2\/posts\/10322","targetHints":{"allow":["GET"]}}],"collection":[{"href":"https:\/\/sites.ecclesia.pt\/cv\/wp-json\/wp\/v2\/posts"}],"about":[{"href":"https:\/\/sites.ecclesia.pt\/cv\/wp-json\/wp\/v2\/types\/post"}],"author":[{"embeddable":true,"href":"https:\/\/sites.ecclesia.pt\/cv\/wp-json\/wp\/v2\/users\/1"}],"replies":[{"embeddable":true,"href":"https:\/\/sites.ecclesia.pt\/cv\/wp-json\/wp\/v2\/comments?post=10322"}],"version-history":[{"count":0,"href":"https:\/\/sites.ecclesia.pt\/cv\/wp-json\/wp\/v2\/posts\/10322\/revisions"}],"wp:attachment":[{"href":"https:\/\/sites.ecclesia.pt\/cv\/wp-json\/wp\/v2\/media?parent=10322"}],"wp:term":[{"taxonomy":"category","embeddable":true,"href":"https:\/\/sites.ecclesia.pt\/cv\/wp-json\/wp\/v2\/categories?post=10322"},{"taxonomy":"post_tag","embeddable":true,"href":"https:\/\/sites.ecclesia.pt\/cv\/wp-json\/wp\/v2\/tags?post=10322"}],"curies":[{"name":"wp","href":"https:\/\/api.w.org\/{rel}","templated":true}]}}