{"id":10323,"date":"2007-08-01T17:37:00","date_gmt":"2007-08-01T17:37:00","guid":{"rendered":"http:\/\/localhost:81\/wp1\/?p=10323"},"modified":"2007-08-01T17:37:00","modified_gmt":"2007-08-01T17:37:00","slug":"cursos-de-verao-2007","status":"publish","type":"post","link":"https:\/\/sites.ecclesia.pt\/cv\/cursos-de-verao-2007\/","title":{"rendered":"Cursos de Ver\u00e3o 2007"},"content":{"rendered":"<p>Oliveira do Bairro <!--more--> O C\u00edrculo de Cultura Musical da Bairrada vai promover, de 3 a 7 de Setembro, mais uma edi\u00e7\u00e3o dos Cursos de Ver\u00e3o, nas vertentes de Violino, Viola, Violoncelo e Contrabaixo, cursos que ser\u00e3o ministrados por An\u00edbal Lima, Jorge Alves, Pedro Neves e Adriano Aguiar, respectivamente.<\/p>\n<p>Jorge Alves \u00e9 professor de viola de arco na Escola Profissional Art\u00edstica do Vale do Ave e na Escola Superior de Artes Aplicadas do Instituto Polit\u00e9cnico de Castelo Branco. Adriano Aguiar \u00e9 actualmente professor no Instituto Piaget de Almada. An\u00edbal Lima \u00e9 concertino da Orquestra Gulbenkian e professor na Escola Superior de M\u00fasica de Lisboa e na Academia Nacional Superior de Orquestra. Pedro Neves lecciona na Escola de M\u00fasica do Conservat\u00f3rio Nacional e na Escola Profissional de M\u00fasica de Mirandela.<\/p>\n","protected":false},"excerpt":{"rendered":"<p>Oliveira do Bairro<\/p>\n","protected":false},"author":1,"featured_media":0,"comment_status":"open","ping_status":"open","sticky":false,"template":"","format":"standard","meta":{"footnotes":""},"categories":[45],"tags":[],"class_list":["post-10323","post","type-post","status-publish","format-standard","hentry","category-regioes"],"_links":{"self":[{"href":"https:\/\/sites.ecclesia.pt\/cv\/wp-json\/wp\/v2\/posts\/10323","targetHints":{"allow":["GET"]}}],"collection":[{"href":"https:\/\/sites.ecclesia.pt\/cv\/wp-json\/wp\/v2\/posts"}],"about":[{"href":"https:\/\/sites.ecclesia.pt\/cv\/wp-json\/wp\/v2\/types\/post"}],"author":[{"embeddable":true,"href":"https:\/\/sites.ecclesia.pt\/cv\/wp-json\/wp\/v2\/users\/1"}],"replies":[{"embeddable":true,"href":"https:\/\/sites.ecclesia.pt\/cv\/wp-json\/wp\/v2\/comments?post=10323"}],"version-history":[{"count":0,"href":"https:\/\/sites.ecclesia.pt\/cv\/wp-json\/wp\/v2\/posts\/10323\/revisions"}],"wp:attachment":[{"href":"https:\/\/sites.ecclesia.pt\/cv\/wp-json\/wp\/v2\/media?parent=10323"}],"wp:term":[{"taxonomy":"category","embeddable":true,"href":"https:\/\/sites.ecclesia.pt\/cv\/wp-json\/wp\/v2\/categories?post=10323"},{"taxonomy":"post_tag","embeddable":true,"href":"https:\/\/sites.ecclesia.pt\/cv\/wp-json\/wp\/v2\/tags?post=10323"}],"curies":[{"name":"wp","href":"https:\/\/api.w.org\/{rel}","templated":true}]}}