{"id":10324,"date":"2007-08-01T17:37:00","date_gmt":"2007-08-01T17:37:00","guid":{"rendered":"http:\/\/localhost:81\/wp1\/?p=10324"},"modified":"2007-08-01T17:37:00","modified_gmt":"2007-08-01T17:37:00","slug":"construcoes-na-areia","status":"publish","type":"post","link":"https:\/\/sites.ecclesia.pt\/cv\/construcoes-na-areia\/","title":{"rendered":"Constru\u00e7\u00f5es na areia"},"content":{"rendered":"<p>Praias <!--more--> As praias da Barra e da Torreira acolhem, nos dias 17 e 18 de Agosto, respectivamente, o concurso \u201cConstru\u00e7\u00f5es na areia\u201d, promovido pelo \u201cDi\u00e1rio de Not\u00edcias\u201d, evento que este ano assinala a sua 50\u00aa edi\u00e7\u00e3o, e que ocorre em 28 praias, de norte a sul do pa\u00eds, incluindo da Madeira e dos A\u00e7ores.<\/p>\n<p>Em cada praia s\u00e3o admitidos 60 concorrentes, divididos em dois escal\u00f5es: \u201cA\u201d (dos 6 aos 10 anos) e \u201cB\u201d (dos 11 aos 14 anos). Em cada escal\u00e3o haver\u00e1 pr\u00e9mios para os tr\u00eas primeiros classificados e para as duas men\u00e7\u00f5es honrosas. A final nacional ter\u00e1 lugar na praia de Espinho, no dia 1 de Setembro, havendo pr\u00e9mios para os oito primeiros classificados.<\/p>\n<p>A prova na Praia da Barra ter\u00e1 in\u00edcio pelas 10h30, enquanto na Praia da Torreira, o in\u00edcio da prova est\u00e1 marcado para as 11 horas. <\/p>\n","protected":false},"excerpt":{"rendered":"<p>Praias<\/p>\n","protected":false},"author":1,"featured_media":0,"comment_status":"open","ping_status":"open","sticky":false,"template":"","format":"standard","meta":{"footnotes":""},"categories":[45],"tags":[],"class_list":["post-10324","post","type-post","status-publish","format-standard","hentry","category-regioes"],"_links":{"self":[{"href":"https:\/\/sites.ecclesia.pt\/cv\/wp-json\/wp\/v2\/posts\/10324","targetHints":{"allow":["GET"]}}],"collection":[{"href":"https:\/\/sites.ecclesia.pt\/cv\/wp-json\/wp\/v2\/posts"}],"about":[{"href":"https:\/\/sites.ecclesia.pt\/cv\/wp-json\/wp\/v2\/types\/post"}],"author":[{"embeddable":true,"href":"https:\/\/sites.ecclesia.pt\/cv\/wp-json\/wp\/v2\/users\/1"}],"replies":[{"embeddable":true,"href":"https:\/\/sites.ecclesia.pt\/cv\/wp-json\/wp\/v2\/comments?post=10324"}],"version-history":[{"count":0,"href":"https:\/\/sites.ecclesia.pt\/cv\/wp-json\/wp\/v2\/posts\/10324\/revisions"}],"wp:attachment":[{"href":"https:\/\/sites.ecclesia.pt\/cv\/wp-json\/wp\/v2\/media?parent=10324"}],"wp:term":[{"taxonomy":"category","embeddable":true,"href":"https:\/\/sites.ecclesia.pt\/cv\/wp-json\/wp\/v2\/categories?post=10324"},{"taxonomy":"post_tag","embeddable":true,"href":"https:\/\/sites.ecclesia.pt\/cv\/wp-json\/wp\/v2\/tags?post=10324"}],"curies":[{"name":"wp","href":"https:\/\/api.w.org\/{rel}","templated":true}]}}