{"id":10325,"date":"2007-08-01T17:38:00","date_gmt":"2007-08-01T17:38:00","guid":{"rendered":"http:\/\/localhost:81\/wp1\/?p=10325"},"modified":"2007-08-01T17:38:00","modified_gmt":"2007-08-01T17:38:00","slug":"associacao-arte-e-cultura-de-aveiro","status":"publish","type":"post","link":"https:\/\/sites.ecclesia.pt\/cv\/associacao-arte-e-cultura-de-aveiro\/","title":{"rendered":"Associa\u00e7\u00e3o Arte e Cultura de Aveiro"},"content":{"rendered":"<p>Cursos para o pr\u00f3ximo ano lectivo <!--more--> Na ACAV \u2013 Associa\u00e7\u00e3o Arte e Cultura de Aveiro, est\u00e3o abertas as inscri\u00e7\u00f5es para os cursos que ir\u00e3o decorrer no pr\u00f3ximo ano lectivo, tanto para crian\u00e7as como para jovens e adultos.<\/p>\n<p>Os cursos para 2007 \/ 2008 s\u00e3o os seguintes: Pintura e desenho, Pintura em azulejo, Pintura em porcelana, Cer\u00e2mica, Escultura, Pintura e desenho para crian\u00e7as, Escultura para crian\u00e7as, Inicia\u00e7\u00e3o \u00e0 pintura em porcelana para crian\u00e7as, Cer\u00e2mica para crian\u00e7as, Hist\u00f3ria das Religi\u00f5es, Ioga, Psicofisiologia, Ingl\u00eas, Hist\u00f3ria de arte, Geriatria e Gerontologia. <\/p>\n<p>Para al\u00e9m desses, a ACAV disponibiliza ainda ATL (actividades de tempos livres) para crian\u00e7as do primeiro ciclo do ensino b\u00e1sico, que inclui inicia\u00e7\u00e3o musical, express\u00e3o dram\u00e1tica e inform\u00e1tica.<\/p>\n<p>As aulas decorrem em hor\u00e1rio diurno ou em hor\u00e1rio p\u00f3s-laboral. A ACAV est\u00e1 sedeada no antigo edif\u00edcio da Funda\u00e7\u00e3o Calouste Gulbenkian (onde est\u00e1 instalado o Conservat\u00f3rio de M\u00fasica de Aveiro), junto ao Hospital e ao Parque de Aveiro.<\/p>\n","protected":false},"excerpt":{"rendered":"<p>Cursos para o pr\u00f3ximo ano lectivo<\/p>\n","protected":false},"author":1,"featured_media":0,"comment_status":"open","ping_status":"open","sticky":false,"template":"","format":"standard","meta":{"footnotes":""},"categories":[45],"tags":[],"class_list":["post-10325","post","type-post","status-publish","format-standard","hentry","category-regioes"],"_links":{"self":[{"href":"https:\/\/sites.ecclesia.pt\/cv\/wp-json\/wp\/v2\/posts\/10325","targetHints":{"allow":["GET"]}}],"collection":[{"href":"https:\/\/sites.ecclesia.pt\/cv\/wp-json\/wp\/v2\/posts"}],"about":[{"href":"https:\/\/sites.ecclesia.pt\/cv\/wp-json\/wp\/v2\/types\/post"}],"author":[{"embeddable":true,"href":"https:\/\/sites.ecclesia.pt\/cv\/wp-json\/wp\/v2\/users\/1"}],"replies":[{"embeddable":true,"href":"https:\/\/sites.ecclesia.pt\/cv\/wp-json\/wp\/v2\/comments?post=10325"}],"version-history":[{"count":0,"href":"https:\/\/sites.ecclesia.pt\/cv\/wp-json\/wp\/v2\/posts\/10325\/revisions"}],"wp:attachment":[{"href":"https:\/\/sites.ecclesia.pt\/cv\/wp-json\/wp\/v2\/media?parent=10325"}],"wp:term":[{"taxonomy":"category","embeddable":true,"href":"https:\/\/sites.ecclesia.pt\/cv\/wp-json\/wp\/v2\/categories?post=10325"},{"taxonomy":"post_tag","embeddable":true,"href":"https:\/\/sites.ecclesia.pt\/cv\/wp-json\/wp\/v2\/tags?post=10325"}],"curies":[{"name":"wp","href":"https:\/\/api.w.org\/{rel}","templated":true}]}}