{"id":10326,"date":"2007-08-01T17:40:00","date_gmt":"2007-08-01T17:40:00","guid":{"rendered":"http:\/\/localhost:81\/wp1\/?p=10326"},"modified":"2007-08-01T17:40:00","modified_gmt":"2007-08-01T17:40:00","slug":"novos-orgaos-da-adasa-reuniram-com-d-antonio-francisco","status":"publish","type":"post","link":"https:\/\/sites.ecclesia.pt\/cv\/novos-orgaos-da-adasa-reuniram-com-d-antonio-francisco\/","title":{"rendered":"Novos \u00f3rg\u00e3os da ADASA reuniram com D. Ant\u00f3nio Francisco"},"content":{"rendered":"<p>No passado dia 14 de Julho, o Bispo de Aveiro, D. Ant\u00f3nio Francisco, esteve reunido com os novos corpos directivos da ADASA \u2013 Associa\u00e7\u00e3o dos Antigos Alunos do Semin\u00e1rio de Aveiro, precisamente no Semin\u00e1rio de Aveiro. Este encontro de apresenta\u00e7\u00e3o formal de todos os membros com o Sr. Bispo teve tamb\u00e9m como pretens\u00e3o apresentar ao Dign\u00edssimo Prelado algumas das linhas de orienta\u00e7\u00e3o para o tri\u00e9nio 2007\/2010, pensadas pelos actuais membros da Direc\u00e7\u00e3o da ADASA.<\/p>\n<p>Das ideias apresentadas, aqui regist\u00e1mos as seguintes:<\/p>\n<p>&#8211; A partir de Setembro pr\u00f3ximo, e coordenada pela ADASA, iniciar-se-\u00e1 uma actualiza\u00e7\u00e3o de dados dos antigos alunos que passaram pelo Semin\u00e1rio de Aveiro (morada actualizada, profiss\u00e3o, etc.). Este priorit\u00e1rio trabalho de campo, a realizar em todas as Par\u00f3quias da nossa Diocese, contar\u00e1 com a presen\u00e7a e ajuda dos Reverendos P\u00e1rocos e de uma\/duas pessoas escolhidas (antigos alunos) que far\u00e3o essa recolha \u201cin situ\u201d;<\/p>\n<p>&#8211; Trabalho de parceria com a actual equipa do Semin\u00e1rio de Aveiro;<\/p>\n<p>&#8211; Continua\u00e7\u00e3o da publica\u00e7\u00e3o do jornal da ADASA;<\/p>\n<p>&#8211; Interc\u00e2mbio com outras Associa\u00e7\u00f5es de Antigos Alunos de Semin\u00e1rios do Pa\u00eds;<\/p>\n<p>&#8211; Ajuda econ\u00f3mica ao Semin\u00e1rio;<\/p>\n<p>&#8211; Ajuda log\u00edstica na Semana dos Semin\u00e1rios;<\/p>\n<p>&#8211; Actualiza\u00e7\u00e3o do site da ADASA (http:\/\/adasa.seminarioaveiro.org);<\/p>\n<p>&#8211; Contribui\u00e7\u00e3o informativa mensal, em espa\u00e7o fixo, no \u201cCorreio do Vouga\u201d.<\/p>\n<p>Foi decidido por todos os presentes que doravante (com efeitos j\u00e1 em 2008), o Encontro Anual dos Antigos Alunos do Semin\u00e1rio de Aveiro se realizar\u00e1 sempre no \u00faltimo s\u00e1bado do m\u00eas de Abril. Assim, o pr\u00f3ximo Encontro Anual ter\u00e1 lugar no dia 26 de Abril de 2008, no Semin\u00e1rio de Santa Joana Princesa. O programa deste dia j\u00e1 est\u00e1 em prepara\u00e7\u00e3o.<\/p>\n<p>A todos os \u201cAdasos\u201d, o nosso bem-haja! <\/p>\n<p>&#8211; Boas f\u00e9rias para todos e bons descansos!<\/p>\n<p>M\u00e1rio P. C. Martins<\/p>\n","protected":false},"excerpt":{"rendered":"<p>No passado dia 14 de Julho, o Bispo de Aveiro, D. Ant\u00f3nio Francisco, esteve reunido com os novos corpos directivos da ADASA \u2013 Associa\u00e7\u00e3o dos Antigos Alunos do Semin\u00e1rio de Aveiro, precisamente no Semin\u00e1rio de Aveiro. Este encontro de apresenta\u00e7\u00e3o formal de todos os membros com o Sr. Bispo teve tamb\u00e9m como pretens\u00e3o apresentar ao [&hellip;]<\/p>\n","protected":false},"author":1,"featured_media":0,"comment_status":"open","ping_status":"open","sticky":false,"template":"","format":"standard","meta":{"footnotes":""},"categories":[70],"tags":[],"class_list":["post-10326","post","type-post","status-publish","format-standard","hentry","category-diocese"],"_links":{"self":[{"href":"https:\/\/sites.ecclesia.pt\/cv\/wp-json\/wp\/v2\/posts\/10326","targetHints":{"allow":["GET"]}}],"collection":[{"href":"https:\/\/sites.ecclesia.pt\/cv\/wp-json\/wp\/v2\/posts"}],"about":[{"href":"https:\/\/sites.ecclesia.pt\/cv\/wp-json\/wp\/v2\/types\/post"}],"author":[{"embeddable":true,"href":"https:\/\/sites.ecclesia.pt\/cv\/wp-json\/wp\/v2\/users\/1"}],"replies":[{"embeddable":true,"href":"https:\/\/sites.ecclesia.pt\/cv\/wp-json\/wp\/v2\/comments?post=10326"}],"version-history":[{"count":0,"href":"https:\/\/sites.ecclesia.pt\/cv\/wp-json\/wp\/v2\/posts\/10326\/revisions"}],"wp:attachment":[{"href":"https:\/\/sites.ecclesia.pt\/cv\/wp-json\/wp\/v2\/media?parent=10326"}],"wp:term":[{"taxonomy":"category","embeddable":true,"href":"https:\/\/sites.ecclesia.pt\/cv\/wp-json\/wp\/v2\/categories?post=10326"},{"taxonomy":"post_tag","embeddable":true,"href":"https:\/\/sites.ecclesia.pt\/cv\/wp-json\/wp\/v2\/tags?post=10326"}],"curies":[{"name":"wp","href":"https:\/\/api.w.org\/{rel}","templated":true}]}}