{"id":10327,"date":"2007-08-01T17:42:00","date_gmt":"2007-08-01T17:42:00","guid":{"rendered":"http:\/\/localhost:81\/wp1\/?p=10327"},"modified":"2007-08-01T17:42:00","modified_gmt":"2007-08-01T17:42:00","slug":"museu-aberto-70-horas-no-dia-do-70o-aniversario","status":"publish","type":"post","link":"https:\/\/sites.ecclesia.pt\/cv\/museu-aberto-70-horas-no-dia-do-70o-aniversario\/","title":{"rendered":"Museu aberto 70 horas no dia do 70\u00ba anivers\u00e1rio"},"content":{"rendered":"<p>\u00cdlhavo <!--more--> No dia 8 de Agosto, data em que assinala o seu 70\u00ba anivers\u00e1rio, o Museu Mar\u00edtimo de \u00cdlhavo vai abrir as portas durante 70 horas consecutivas, evento que se prolongar\u00e1 at\u00e9 ao dia 10 de Agosto, com uma programa\u00e7\u00e3o ininterrupta bastante diversificada.<\/p>\n<p>A abertura dessa \u201cjornada\u201d est\u00e1 agendada para as 9 horas do dia 8, seguindo-se as visitas guiadas \u201cDescobrir o Museu Mar\u00edtimo de \u00cdlhavo\u201d \u00e0s exposi\u00e7\u00f5es permanentes (10 e 15 horas), reservas (12 horas), arquitectura (14 horas), biblioteca e reservas (16 horas). <\/p>\n<p>Para as 18 horas est\u00e1 marcada a sess\u00e3o solene, com os discursos oficiais, a apresenta\u00e7\u00e3o do livro \u201cMuseu Mar\u00edtimo de \u00cdlhavo \u2013 um Museu com hist\u00f3ria\u201d, a inaugura\u00e7\u00e3o da exposi\u00e7\u00e3o \u201cA Di\u00e1spora dos \u00cdlhavos\u201d, a apresenta\u00e7\u00e3o de pintura de J\u00falio Pomar \u201cUlisses e as Sereias\u201d e a inaugura\u00e7\u00e3o da exposi\u00e7\u00e3o \u201cMem\u00f3rias do Museu Mar\u00edtimo de \u00cdlhavo\u201d. A programa\u00e7\u00e3o do primeiro dia termina com o espect\u00e1culo de Caman\u00e9.<\/p>\n<p>No dia 9, a partir das 00 horas, haver\u00e1 uma sess\u00e3o de cinema, que inclui a projec\u00e7\u00e3o de sete filmes, de outros tantos realizadores, com tem\u00e1tica relacionada com o mar, sess\u00e3o que prosseguir\u00e1 depois das 14 horas, com mais tr\u00eas filmes. Ainda nesse dia, pelas 9 horas, ter\u00e1 in\u00edcio a Jornada do Mar Animado, pelo servi\u00e7o educativo do Museu. Para as 17 horas est\u00e1 agendada a mostra gastron\u00f3mica \u201cBacalhau\u2026 no prato\u201d, pela Confraria Gastron\u00f3mica do Bacalhau. \u00c0s 21 horas, a Companhia de Teatro ArteRiso leva ao palco a pe\u00e7a \u201cAssalto no Museu\u201d, seguindo-se o momento musical \u201cMar\u2026 Bossa Nova\u201d, pela Associa\u00e7\u00e3o Rota da Poesia.<\/p>\n<p>A programa\u00e7\u00e3o do dia 10 come\u00e7a, pela 1 hora, com \u201cMuseu cl\u00e1ssico\u201d, m\u00fasica com o violino de Yao Ki. Das 9 horas at\u00e9 cerca das 20 horas, ser\u00e3o apresentados diversos filmes. \u00c0s 21 horas ser\u00e1 inaugurada a exposi\u00e7\u00e3o fotogr\u00e1fica \u201c\u00c1guas Belas\u201d, de Jos\u00e9 Manuel Rodrigues, seguindo-se o espect\u00e1culo de dan\u00e7a e poesia \u201cEstado l\u00edquido\u201d, pela LPmovimento e Lu\u00eds Parada. A partir das 00 horas, ocorrer\u00e1 o evento \u201c\u00c0 noite no Museu\u201d.<\/p>\n<p>Museu de \u00cdlhavo em selo<\/p>\n<p>Coincidindo com a realiza\u00e7\u00e3o da 1\u00aa Trienal de Arquitectura de Lisboa, que decorreu no Pavilh\u00e3o de Portugal (na zona da Expo 98), at\u00e9 ontem, os CTT lan\u00e7aram a segunda s\u00e9rie de selos dedicados \u00e0s mais emblem\u00e1ticas obras de arquitectura feitas em Portugal no p\u00f3s 25 de Abril de 1974.<\/p>\n<p>Os dez selos desta segunda s\u00e9rie d\u00e3o a conhecer outras tantas obras de refer\u00eancia da arquitectura portuguesa, nas quais se inclui o Museu Mar\u00edtimo de \u00cdlhavo (ARX Portugal, 1997 \u2013 2003), o Pavilh\u00e3o de Portugal, em Lisboa (\u00c1lvaro Siza, 1998), o Centro de Documenta\u00e7\u00e3o do Pal\u00e1cio de Bel\u00e9m, em Lisboa (Carrilho da Gra\u00e7a, 1996 \u2013 2003), o Centro de Coordena\u00e7\u00e3o e Controlo Mar\u00edtimo do Porto de Lisboa (Gon\u00e7alo Byrne, 1997 \u2013 2001), o Est\u00e1dio Municipal de Braga (Eduardo Souto Moura, 2000 \u2013 2004), o Centro Cultural de Sines (Aires Mateus, 2005), a ESAD \u2013 Escola Superior de Arte e Design, nas Caldas da Rainha (V\u00edtor Figueiredo, 1993 &#8211; 1997), o Centro de Artes Visuais, em Coimbra (Jo\u00e3o Mendes Ribeiro, 1997 &#8211; 2003), a Biblioteca Jos\u00e9 Saramago, em Loures (Fernando Martins, 2002) e a Casa dos 24, no Porto (Fernando T\u00e1vora, 1996 &#8211; 2002).<\/p>\n<p>\u201cOlhos sobre o Mar\u201d <\/p>\n<p>com mais de 500 trabalhos<\/p>\n<p>Mais de meio milhar de fotografias, da autoria de mais de uma centena de fot\u00f3grafos, oriundos de todo o pa\u00eds, concorreram \u00e0 quarta edi\u00e7\u00e3o do concurso de fotografia \u201cOlhos sobre o Mar\u201d, promovido pela C\u00e2mara Municipal de \u00cdlhavo, cujos pr\u00e9mios ser\u00e3o entregues na sess\u00e3o a realizar no dia 23 de Agosto, no Navio Museu Santo Andr\u00e9.<\/p>\n<p>Na categoria cor, Ana Filipa Scarpa foi a vencedora, seguida por Ant\u00f3nio Oliveira Marques Bastos, Jorge Jacinto. Este \u00faltimo foi tamb\u00e9m o autor da melhor foto do concelho. Houve ainda duas men\u00e7\u00f5es honrosas, para Laurentino Rodrigues Sim\u00f5es e Lu\u00eds Miguel Esp\u00edrito Santo Teot\u00f3nio. <\/p>\n<p>Na categoria preto-e-branco, o vencedor foi Jos\u00e9 Maria Filipe Rocha Pimentel, seguido por S\u00e9rgio Calado Cort\u00eas dos Santos e Lu\u00eds Miguel Palma Casqueira. Este foi tamb\u00e9m o vencedor da melhor fotografia do concelho. Os 50 melhores trabalhos est\u00e3o expostos, at\u00e9 ao final de Agosto, no Navio Museu Santo Andr\u00e9, exposi\u00e7\u00e3o que poder\u00e1 ser visitada entre as 14h 30m e as 19h, de ter\u00e7a-feira a sexta-feira.<\/p>\n","protected":false},"excerpt":{"rendered":"<p>\u00cdlhavo<\/p>\n","protected":false},"author":1,"featured_media":0,"comment_status":"open","ping_status":"open","sticky":false,"template":"","format":"standard","meta":{"footnotes":""},"categories":[66],"tags":[],"class_list":["post-10327","post","type-post","status-publish","format-standard","hentry","category-cultura"],"_links":{"self":[{"href":"https:\/\/sites.ecclesia.pt\/cv\/wp-json\/wp\/v2\/posts\/10327","targetHints":{"allow":["GET"]}}],"collection":[{"href":"https:\/\/sites.ecclesia.pt\/cv\/wp-json\/wp\/v2\/posts"}],"about":[{"href":"https:\/\/sites.ecclesia.pt\/cv\/wp-json\/wp\/v2\/types\/post"}],"author":[{"embeddable":true,"href":"https:\/\/sites.ecclesia.pt\/cv\/wp-json\/wp\/v2\/users\/1"}],"replies":[{"embeddable":true,"href":"https:\/\/sites.ecclesia.pt\/cv\/wp-json\/wp\/v2\/comments?post=10327"}],"version-history":[{"count":0,"href":"https:\/\/sites.ecclesia.pt\/cv\/wp-json\/wp\/v2\/posts\/10327\/revisions"}],"wp:attachment":[{"href":"https:\/\/sites.ecclesia.pt\/cv\/wp-json\/wp\/v2\/media?parent=10327"}],"wp:term":[{"taxonomy":"category","embeddable":true,"href":"https:\/\/sites.ecclesia.pt\/cv\/wp-json\/wp\/v2\/categories?post=10327"},{"taxonomy":"post_tag","embeddable":true,"href":"https:\/\/sites.ecclesia.pt\/cv\/wp-json\/wp\/v2\/tags?post=10327"}],"curies":[{"name":"wp","href":"https:\/\/api.w.org\/{rel}","templated":true}]}}