{"id":104,"date":"2006-04-03T14:44:00","date_gmt":"2006-04-03T14:44:00","guid":{"rendered":"http:\/\/localhost:81\/wp1\/?p=104"},"modified":"2006-04-03T14:44:00","modified_gmt":"2006-04-03T14:44:00","slug":"dirigentes-nacionais-da-jufra-em-aveiro","status":"publish","type":"post","link":"https:\/\/sites.ecclesia.pt\/cv\/dirigentes-nacionais-da-jufra-em-aveiro\/","title":{"rendered":"Dirigentes Nacionais da JUFRA em Aveiro"},"content":{"rendered":"<p>O Conselho Nacional da JUFRA (Juventude Franciscana) vai reunir-se em Aveiro, no dia 20 de Setembro, a partir das 9.30 horas, na Sede Franciscana. Participam todos os dirigentes das Fraternidades Juvenis Franciscanas ligadas \u00e0 Ordem Terceira de S. Francisco.<\/p>\n<p>No dia 27 do mesmo m\u00eas, ser\u00e1 o Presidente Regional do Centro da OFS que vir\u00e1 de Leiria, com o seu secret\u00e1rio, juntar-se \u00e0s Irm\u00e3s, Vice-Presidente e Tesoureira que s\u00e3o da Fraternidade de Aveiro, para uma reuni\u00e3o mensal de ora\u00e7\u00e3o e trabalho.<\/p>\n","protected":false},"excerpt":{"rendered":"<p>O Conselho Nacional da JUFRA (Juventude Franciscana) vai reunir-se em Aveiro, no dia 20 de Setembro, a partir das 9.30 horas, na Sede Franciscana. Participam todos os dirigentes das Fraternidades Juvenis Franciscanas ligadas \u00e0 Ordem Terceira de S. Francisco. No dia 27 do mesmo m\u00eas, ser\u00e1 o Presidente Regional do Centro da OFS que vir\u00e1 [&hellip;]<\/p>\n","protected":false},"author":1,"featured_media":0,"comment_status":"open","ping_status":"open","sticky":false,"template":"","format":"standard","meta":{"footnotes":""},"categories":[70],"tags":[],"class_list":["post-104","post","type-post","status-publish","format-standard","hentry","category-diocese"],"_links":{"self":[{"href":"https:\/\/sites.ecclesia.pt\/cv\/wp-json\/wp\/v2\/posts\/104","targetHints":{"allow":["GET"]}}],"collection":[{"href":"https:\/\/sites.ecclesia.pt\/cv\/wp-json\/wp\/v2\/posts"}],"about":[{"href":"https:\/\/sites.ecclesia.pt\/cv\/wp-json\/wp\/v2\/types\/post"}],"author":[{"embeddable":true,"href":"https:\/\/sites.ecclesia.pt\/cv\/wp-json\/wp\/v2\/users\/1"}],"replies":[{"embeddable":true,"href":"https:\/\/sites.ecclesia.pt\/cv\/wp-json\/wp\/v2\/comments?post=104"}],"version-history":[{"count":0,"href":"https:\/\/sites.ecclesia.pt\/cv\/wp-json\/wp\/v2\/posts\/104\/revisions"}],"wp:attachment":[{"href":"https:\/\/sites.ecclesia.pt\/cv\/wp-json\/wp\/v2\/media?parent=104"}],"wp:term":[{"taxonomy":"category","embeddable":true,"href":"https:\/\/sites.ecclesia.pt\/cv\/wp-json\/wp\/v2\/categories?post=104"},{"taxonomy":"post_tag","embeddable":true,"href":"https:\/\/sites.ecclesia.pt\/cv\/wp-json\/wp\/v2\/tags?post=104"}],"curies":[{"name":"wp","href":"https:\/\/api.w.org\/{rel}","templated":true}]}}