{"id":106,"date":"2006-04-03T14:44:00","date_gmt":"2006-04-03T14:44:00","guid":{"rendered":"http:\/\/localhost:81\/wp1\/?p=106"},"modified":"2006-04-03T14:44:00","modified_gmt":"2006-04-03T14:44:00","slug":"o-que-dizem-os-jovens-2","status":"publish","type":"post","link":"https:\/\/sites.ecclesia.pt\/cv\/o-que-dizem-os-jovens-2\/","title":{"rendered":"O que dizem os jovens"},"content":{"rendered":"<p>N\u00e3o \u00e9 necess\u00e1rio ter asas<\/p>\n<p>para falar com Deus,<\/p>\n<p>apenas ficar a s\u00f3s<\/p>\n<p>e olh\u00e1-lo para dentro de si.<\/p>\n<p>Procurar fechar os olhos do corpo<\/p>\n<p>e abrir os da alma.<\/p>\n<p>N\u00e3o lhes pe\u00e7o mais,<\/p>\n<p>apenas que o olhem com o cora\u00e7\u00e3o.<\/p>\n<p>Jesus n\u00e3o est\u00e1 \u00e0 espera de outra coisa<\/p>\n<p>a n\u00e3o ser que o olhemos.<\/p>\n<p>Para aproveitar bastante<\/p>\n<p>neste caminho da ora\u00e7\u00e3o<\/p>\n<p>n\u00e3o \u00e9 necess\u00e1rio pensar muito<\/p>\n<p>Mas amar muito.<\/p>\n<p>Assim, o que \u00e9 imperioso fazer<\/p>\n<p>\u00e9 amar cada vez mais.<\/p>\n<p>Teresa de Jesus<\/p>\n","protected":false},"excerpt":{"rendered":"<p>N\u00e3o \u00e9 necess\u00e1rio ter asas para falar com Deus, apenas ficar a s\u00f3s e olh\u00e1-lo para dentro de si. Procurar fechar os olhos do corpo e abrir os da alma. N\u00e3o lhes pe\u00e7o mais, apenas que o olhem com o cora\u00e7\u00e3o. Jesus n\u00e3o est\u00e1 \u00e0 espera de outra coisa a n\u00e3o ser que o olhemos. [&hellip;]<\/p>\n","protected":false},"author":1,"featured_media":0,"comment_status":"open","ping_status":"open","sticky":false,"template":"","format":"standard","meta":{"footnotes":""},"categories":[65],"tags":[],"class_list":["post-106","post","type-post","status-publish","format-standard","hentry","category-linhas-directas"],"_links":{"self":[{"href":"https:\/\/sites.ecclesia.pt\/cv\/wp-json\/wp\/v2\/posts\/106","targetHints":{"allow":["GET"]}}],"collection":[{"href":"https:\/\/sites.ecclesia.pt\/cv\/wp-json\/wp\/v2\/posts"}],"about":[{"href":"https:\/\/sites.ecclesia.pt\/cv\/wp-json\/wp\/v2\/types\/post"}],"author":[{"embeddable":true,"href":"https:\/\/sites.ecclesia.pt\/cv\/wp-json\/wp\/v2\/users\/1"}],"replies":[{"embeddable":true,"href":"https:\/\/sites.ecclesia.pt\/cv\/wp-json\/wp\/v2\/comments?post=106"}],"version-history":[{"count":0,"href":"https:\/\/sites.ecclesia.pt\/cv\/wp-json\/wp\/v2\/posts\/106\/revisions"}],"wp:attachment":[{"href":"https:\/\/sites.ecclesia.pt\/cv\/wp-json\/wp\/v2\/media?parent=106"}],"wp:term":[{"taxonomy":"category","embeddable":true,"href":"https:\/\/sites.ecclesia.pt\/cv\/wp-json\/wp\/v2\/categories?post=106"},{"taxonomy":"post_tag","embeddable":true,"href":"https:\/\/sites.ecclesia.pt\/cv\/wp-json\/wp\/v2\/tags?post=106"}],"curies":[{"name":"wp","href":"https:\/\/api.w.org\/{rel}","templated":true}]}}