{"id":107,"date":"2006-04-03T14:44:00","date_gmt":"2006-04-03T14:44:00","guid":{"rendered":"http:\/\/localhost:81\/wp1\/?p=107"},"modified":"2006-04-03T14:44:00","modified_gmt":"2006-04-03T14:44:00","slug":"os-lugares-da-jornada-mundial-da-juventude","status":"publish","type":"post","link":"https:\/\/sites.ecclesia.pt\/cv\/os-lugares-da-jornada-mundial-da-juventude\/","title":{"rendered":"Os lugares da Jornada Mundial da Juventude"},"content":{"rendered":"<p>O Conselho Pontif\u00edcio para os Leigos seleccionou os lugares dos principais eventos da XX Jornada Mundial da Juventude, a realizar em Col\u00f3nia, em 2005: o Poller Rheinwiesen, em Col\u00f3nia, e o aeroporto de Hangelar de Sankt Agustin, em Bonn.<\/p>\n<p>A decis\u00e3o foi tomada ap\u00f3s a visita de D. Renato Boccardo, respons\u00e1vel pela prepara\u00e7\u00e3o das viagens apost\u00f3licas de Jo\u00e3o Paulo II, em Julho, \u00e0 Alemanha &#8211; informa o portal juvenil cat\u00f3lico que acompanha a prepara\u00e7\u00e3o da Jornada http:\/\/www.korazym.org. <\/p>\n<p>A Eucaristia de abertura com o arcebispo de Col\u00f3nia, cardeal Joachim Meisnar, e a cerim\u00f3nia de acolhimento ao Papa acontecer\u00e3o no Poller Rheinwiesen, campo \u00e0 beira do Rin, no bairro de Poll, em Col\u00f3nia.<\/p>\n<p>Os organizadores esperam no Poller Rheiwiesen cerca de 350.000 jovens de 16 a 18 de Agosto de 2005. No aeroporto de Hangelar de Sankt Agust\u00edn, em Bonn, dever\u00e3o estar, dias 20 e 21 de Agosto, cerca de 800.000 jovens para celebrar junto ao Papa.<\/p>\n","protected":false},"excerpt":{"rendered":"<p>O Conselho Pontif\u00edcio para os Leigos seleccionou os lugares dos principais eventos da XX Jornada Mundial da Juventude, a realizar em Col\u00f3nia, em 2005: o Poller Rheinwiesen, em Col\u00f3nia, e o aeroporto de Hangelar de Sankt Agustin, em Bonn. A decis\u00e3o foi tomada ap\u00f3s a visita de D. Renato Boccardo, respons\u00e1vel pela prepara\u00e7\u00e3o das viagens [&hellip;]<\/p>\n","protected":false},"author":1,"featured_media":0,"comment_status":"open","ping_status":"open","sticky":false,"template":"","format":"standard","meta":{"footnotes":""},"categories":[65],"tags":[],"class_list":["post-107","post","type-post","status-publish","format-standard","hentry","category-linhas-directas"],"_links":{"self":[{"href":"https:\/\/sites.ecclesia.pt\/cv\/wp-json\/wp\/v2\/posts\/107","targetHints":{"allow":["GET"]}}],"collection":[{"href":"https:\/\/sites.ecclesia.pt\/cv\/wp-json\/wp\/v2\/posts"}],"about":[{"href":"https:\/\/sites.ecclesia.pt\/cv\/wp-json\/wp\/v2\/types\/post"}],"author":[{"embeddable":true,"href":"https:\/\/sites.ecclesia.pt\/cv\/wp-json\/wp\/v2\/users\/1"}],"replies":[{"embeddable":true,"href":"https:\/\/sites.ecclesia.pt\/cv\/wp-json\/wp\/v2\/comments?post=107"}],"version-history":[{"count":0,"href":"https:\/\/sites.ecclesia.pt\/cv\/wp-json\/wp\/v2\/posts\/107\/revisions"}],"wp:attachment":[{"href":"https:\/\/sites.ecclesia.pt\/cv\/wp-json\/wp\/v2\/media?parent=107"}],"wp:term":[{"taxonomy":"category","embeddable":true,"href":"https:\/\/sites.ecclesia.pt\/cv\/wp-json\/wp\/v2\/categories?post=107"},{"taxonomy":"post_tag","embeddable":true,"href":"https:\/\/sites.ecclesia.pt\/cv\/wp-json\/wp\/v2\/tags?post=107"}],"curies":[{"name":"wp","href":"https:\/\/api.w.org\/{rel}","templated":true}]}}