{"id":10763,"date":"2007-10-31T16:25:00","date_gmt":"2007-10-31T16:25:00","guid":{"rendered":"http:\/\/localhost:81\/wp1\/?p=10763"},"modified":"2007-10-31T16:25:00","modified_gmt":"2007-10-31T16:25:00","slug":"frases-da-semana-102","status":"publish","type":"post","link":"https:\/\/sites.ecclesia.pt\/cv\/frases-da-semana-102\/","title":{"rendered":"Frases da Semana"},"content":{"rendered":"<p>Churchill disse que a R\u00fassia era um mist\u00e9rio dentro de um enigma. Portugal parece-se cada vez mais com uma confus\u00e3o dentro de um equ\u00edvoco.<\/p>\n<p>P\u00fablico, 24-10-07<\/p>\n<p>\u00c9 verdade que a liberdade de express\u00e3o tem de servir para exprimir ideias inconvenientes, mas ela tamb\u00e9m tem de servir para exprimir o desagrado por essas mesmas (ou outras) ideias e para nos distanciarmos delas. N\u00e3o \u00e9 o facto de algu\u00e9m ter a liberdade de falar que nos obriga a ter de o ouvir.<\/p>\n<p>Jos\u00e9 V\u00edtor Malheiros<\/p>\n<p>P\u00fablico, 25-10-07<\/p>\n<p>A Europa \u00e9 uma constru\u00e7\u00e3o dif\u00edcil cuja maior for\u00e7a assenta numa realidade muito simples: todos e cada um dos pa\u00edses que a constituem sabem que t\u00eam a ganhar com ela. (&#8230;) Afinal, ningu\u00e9m quer sair \u2013 pelo contr\u00e1rio, a bicha \u00e0 porta n\u00e3o p\u00e1ra de aumentar.<\/p>\n<p>Teresa de Sousa<\/p>\n<p>P\u00fablico, 24-10-07<\/p>\n<p>Se a pol\u00edtica \u00e9 a arte do poss\u00edvel, o Tratado de Lisboa \u00e9 exemplar.<\/p>\n<p>Maria Jos\u00e9 Nogueira Pinto<\/p>\n<p>Di\u00e1rio de Not\u00edcias, 25-10-07<\/p>\n<p>N\u00e3o se deve utilizar [calculadoras] nessa idade [ensino b\u00e1sico]. H\u00e1 compet\u00eancias de c\u00e1lculo, de racioc\u00ednio matem\u00e1tico, que s\u00f3 podem ser adquiridas sem as calculadoras.<\/p>\n<p>J\u00falio Pedrosa<\/p>\n<p>P\u00fablico, 28-10-07<\/p>\n<p>A mentira, a fria mentira transformou-se em instrumento de governo. H\u00e1 muito que os pol\u00edticos mentem, aqui e ali. Mas sempre com alguma m\u00e1 consci\u00eancia. Ou desculpa. Ou sentimento de desculpa. Agora, as coisas mudaram: mentir \u00e9 poss\u00edvel, simples e necess\u00e1rio. Sem remorsos nem correc\u00e7\u00e3o. Se a inten\u00e7\u00e3o \u00e9 boa, qualquer meio serve e a mentira \u00e9 necess\u00e1ria.<\/p>\n<p>Ant\u00f3nio Barreto<\/p>\n<p>P\u00fablico, 28-10-07<\/p>\n","protected":false},"excerpt":{"rendered":"<p>Churchill disse que a R\u00fassia era um mist\u00e9rio dentro de um enigma. Portugal parece-se cada vez mais com uma confus\u00e3o dentro de um equ\u00edvoco. P\u00fablico, 24-10-07 \u00c9 verdade que a liberdade de express\u00e3o tem de servir para exprimir ideias inconvenientes, mas ela tamb\u00e9m tem de servir para exprimir o desagrado por essas mesmas (ou outras) [&hellip;]<\/p>\n","protected":false},"author":1,"featured_media":0,"comment_status":"open","ping_status":"open","sticky":false,"template":"","format":"standard","meta":{"footnotes":""},"categories":[48],"tags":[],"class_list":["post-10763","post","type-post","status-publish","format-standard","hentry","category-espaco-comum"],"_links":{"self":[{"href":"https:\/\/sites.ecclesia.pt\/cv\/wp-json\/wp\/v2\/posts\/10763","targetHints":{"allow":["GET"]}}],"collection":[{"href":"https:\/\/sites.ecclesia.pt\/cv\/wp-json\/wp\/v2\/posts"}],"about":[{"href":"https:\/\/sites.ecclesia.pt\/cv\/wp-json\/wp\/v2\/types\/post"}],"author":[{"embeddable":true,"href":"https:\/\/sites.ecclesia.pt\/cv\/wp-json\/wp\/v2\/users\/1"}],"replies":[{"embeddable":true,"href":"https:\/\/sites.ecclesia.pt\/cv\/wp-json\/wp\/v2\/comments?post=10763"}],"version-history":[{"count":0,"href":"https:\/\/sites.ecclesia.pt\/cv\/wp-json\/wp\/v2\/posts\/10763\/revisions"}],"wp:attachment":[{"href":"https:\/\/sites.ecclesia.pt\/cv\/wp-json\/wp\/v2\/media?parent=10763"}],"wp:term":[{"taxonomy":"category","embeddable":true,"href":"https:\/\/sites.ecclesia.pt\/cv\/wp-json\/wp\/v2\/categories?post=10763"},{"taxonomy":"post_tag","embeddable":true,"href":"https:\/\/sites.ecclesia.pt\/cv\/wp-json\/wp\/v2\/tags?post=10763"}],"curies":[{"name":"wp","href":"https:\/\/api.w.org\/{rel}","templated":true}]}}