{"id":10764,"date":"2007-10-31T16:25:00","date_gmt":"2007-10-31T16:25:00","guid":{"rendered":"http:\/\/localhost:81\/wp1\/?p=10764"},"modified":"2007-10-31T16:25:00","modified_gmt":"2007-10-31T16:25:00","slug":"uma-multidao-incontavel","status":"publish","type":"post","link":"https:\/\/sites.ecclesia.pt\/cv\/uma-multidao-incontavel\/","title":{"rendered":"Uma multid\u00e3o incont\u00e1vel&#8230;"},"content":{"rendered":"<p>1 &#8211; A Igreja Cat\u00f3lica tem uma longa tradi\u00e7\u00e3o de propor pessoas &#8211; m\u00e1rtires, pastores, fi\u00e9is leigos, m\u00e3es de fam\u00edlia, oper\u00e1rios, religiosas e religiosos\u2026- aos seus  fi\u00e9is como modelo &#8211; regra, c\u00e2none &#8211; a seguir. E temos uma imensa multid\u00e3o de figuras emblem\u00e1ticas de resposta positiva e her\u00f3ica \u00e0 voca\u00e7\u00e3o universal \u00e0 santidade. <\/p>\n<p>Acabamos de ser presenteados com a beatifica\u00e7\u00e3o de 498 m\u00e1rtires da vizinha Espanha, v\u00edtimas da persegui\u00e7\u00e3o \u00e0 Igreja, durante a guerra civil. S\u00e3o in\u00fameros os casos, de todos os continentes, todos os dias assinalados e retirados ao anonimato, para que o seu exemplo brilhe mais fulgurante na Comunidade dos crentes e no seio das Na\u00e7\u00f5es.<\/p>\n<p>2 &#8211; Apesar disso, e desde muito cedo alargando-se em c\u00edrculos cada vez mais vastos, a Igreja foi gerando a tradi\u00e7\u00e3o de celebrar Todos os Santos. J\u00e1 nas primeiras d\u00e9cadas do s\u00e9c. VIII existia um of\u00edcio pr\u00f3prio e se inseriu no c\u00e2none da Missa uma comemora\u00e7\u00e3o de Todos os Santos. \u00c9 o Papa Greg\u00f3rio IV que, no s\u00e9c. IX, fixa essa festa no 1.\u00ba de Novembro. Ela ser\u00e1 a express\u00e3o mais vis\u00edvel da esperan\u00e7a crist\u00e3 nessa meta feliz da nossa peregrina\u00e7\u00e3o neste Mundo. \u00c9 a Festa de todos os que, dentre todos os povos, ra\u00e7as, l\u00ednguas e na\u00e7\u00f5es, lavaram as suas t\u00fanicas e as branquearam no Sangue do Cordeiro, mesmo quando n\u00e3o O tendo conhecido, agiram, no seu cora\u00e7\u00e3o, segundo os ditames da voz de Deus na sua vida &#8211; uma consci\u00eancia recta.<\/p>\n<p>3 &#8211; As palavras do P. Ant\u00f3nio Vieira, proclamadas em Lisboa em 1643, podem ajudar-nos a compreender o alcance dessa Festa, que hoje celebramos e que se n\u00e3o pode confundir, de modo algum, com a celebra\u00e7\u00e3o dos Fi\u00e9is Defuntos.<\/p>\n<p>\u201cA Festa mais universal e a festa mais particular, a festa mais de todos e a festa mais de cada um: \u00e9 a que hoje celebra e nos manda celebrar a Igreja.<\/p>\n<p>\u00c9 a festa mais universal e mais de todos; porque, come\u00e7ando pela fonte de toda a Santidade que \u00e9 Cristo, e pela Rainha de todos os Santos que \u00e9 Virgem Sant\u00edssima, fazemos festa hoje a todas a Jerarquias dos Anjos, fazemos festa aos Patriarcas e aos Profetas, aos Ap\u00f3stolos e aos M\u00e1rtires, aos Confessores e \u00e0s Virgens. E n\u00e3o h\u00e1 Bem-aventurado na Igreja triunfante, ou canonizado ou n\u00e3o canonizado, ou conhecido ou n\u00e3o conhecido na Militante, que n\u00e3o tenha a sua parte ou o seu todo neste grande dia.<\/p>\n<p>E este mesmo dia t\u00e3o universal ou t\u00e3o de todos, \u00e9 tamb\u00e9m o mais particular e mais pr\u00f3prio de cada um; porque hoje se celebram os Santos de cada Na\u00e7\u00e3o, os Santos de cada Reino, os Santos de cada Religi\u00e3o, os Santos de cada Cidade, os Santos de cada Fam\u00edlia. Vede qu\u00e3o nosso e qu\u00e3o particular \u00e9 este dia. N\u00e3o s\u00f3 celebramos os santos desta nossa cidade, sen\u00e3o cada um de n\u00f3s os santos da nossa fam\u00edlia, os santos do nosso sangue.<\/p>\n<p>(\u2026) Fazemos pois hoje festa a nossos pais, a nossos av\u00f3s, a nossos irm\u00e3os, e os que tendes filhos no C\u00e9u, ou inocentes ou adultos, fazeis tamb\u00e9m hoje festa a vossos filhos.<\/p>\n<p>(\u2026) Agora celebramos (\u2026), e depois outros nos celebrar\u00e3o a n\u00f3s\u201d.<\/p>\n<p>De facto, a festa mais universal e de todos, a festa mais particular e de cada um!<\/p>\n","protected":false},"excerpt":{"rendered":"<p>1 &#8211; A Igreja Cat\u00f3lica tem uma longa tradi\u00e7\u00e3o de propor pessoas &#8211; m\u00e1rtires, pastores, fi\u00e9is leigos, m\u00e3es de fam\u00edlia, oper\u00e1rios, religiosas e religiosos\u2026- aos seus fi\u00e9is como modelo &#8211; regra, c\u00e2none &#8211; a seguir. E temos uma imensa multid\u00e3o de figuras emblem\u00e1ticas de resposta positiva e her\u00f3ica \u00e0 voca\u00e7\u00e3o universal \u00e0 santidade. Acabamos de [&hellip;]<\/p>\n","protected":false},"author":1,"featured_media":0,"comment_status":"open","ping_status":"open","sticky":false,"template":"","format":"standard","meta":{"footnotes":""},"categories":[47],"tags":[],"class_list":["post-10764","post","type-post","status-publish","format-standard","hentry","category-editorial"],"_links":{"self":[{"href":"https:\/\/sites.ecclesia.pt\/cv\/wp-json\/wp\/v2\/posts\/10764","targetHints":{"allow":["GET"]}}],"collection":[{"href":"https:\/\/sites.ecclesia.pt\/cv\/wp-json\/wp\/v2\/posts"}],"about":[{"href":"https:\/\/sites.ecclesia.pt\/cv\/wp-json\/wp\/v2\/types\/post"}],"author":[{"embeddable":true,"href":"https:\/\/sites.ecclesia.pt\/cv\/wp-json\/wp\/v2\/users\/1"}],"replies":[{"embeddable":true,"href":"https:\/\/sites.ecclesia.pt\/cv\/wp-json\/wp\/v2\/comments?post=10764"}],"version-history":[{"count":0,"href":"https:\/\/sites.ecclesia.pt\/cv\/wp-json\/wp\/v2\/posts\/10764\/revisions"}],"wp:attachment":[{"href":"https:\/\/sites.ecclesia.pt\/cv\/wp-json\/wp\/v2\/media?parent=10764"}],"wp:term":[{"taxonomy":"category","embeddable":true,"href":"https:\/\/sites.ecclesia.pt\/cv\/wp-json\/wp\/v2\/categories?post=10764"},{"taxonomy":"post_tag","embeddable":true,"href":"https:\/\/sites.ecclesia.pt\/cv\/wp-json\/wp\/v2\/tags?post=10764"}],"curies":[{"name":"wp","href":"https:\/\/api.w.org\/{rel}","templated":true}]}}