{"id":10765,"date":"2007-10-31T16:26:00","date_gmt":"2007-10-31T16:26:00","guid":{"rendered":"http:\/\/localhost:81\/wp1\/?p=10765"},"modified":"2007-10-31T16:26:00","modified_gmt":"2007-10-31T16:26:00","slug":"alegria-de-servir-2","status":"publish","type":"post","link":"https:\/\/sites.ecclesia.pt\/cv\/alegria-de-servir-2\/","title":{"rendered":"Alegria de servir"},"content":{"rendered":"<p>Olho de Lince <!--more--> As ruas da cidade n\u00e3o s\u00e3o prop\u00edcias \u00e0 rela\u00e7\u00e3o de proximidade: encontramo-nos de quando em vez com algu\u00e9m conhecido; mas \u00e9 a\u00ed o espa\u00e7o favorito para o crescimento do anonimato e da indiferen\u00e7a por quem se cruza connosco. Mais ainda neste tempo, em que toda a gente corre, sem reparar em ningu\u00e9m.<\/p>\n<p>Passei aquele adolescente com passo estugado, sem lhe dirigir qualquer sauda\u00e7\u00e3o. N\u00e3o o conhecia &#8211; foi o m\u00f3bil da omiss\u00e3o. Mas para ele tal m\u00f3bil n\u00e3o existia; saudou-me com rasgado \u201cboa tarde\u201d, que me fez pa-rar e retribuir a sauda\u00e7\u00e3o com amabilidade.<\/p>\n<p>Afinal, n\u00e3o nos conhec\u00edamos mesmo. Mas, pela conversa, ele continuava a cultivar o h\u00e1bito, incutido em fam\u00edlia, de que a \u201csalva\u00e7\u00e3o\u201d a qualquer pessoa n\u00e3o custa nada. E pode produzir muito bons efeitos.<\/p>\n<p>E produziu: o jovem foi \u00e0 vida dele e eu fui \u00e0 minha. Mas ficou-me a inquieta\u00e7\u00e3o semeada. Se passo por algu\u00e9m, \u00e9 sempre gente com dignidade igual \u00e0 minha. Conhe\u00e7a ou n\u00e3o conhe\u00e7a, a \u201csalva\u00e7\u00e3o\u201d n\u00e3o custa nada. E &#8211; quem sabe? &#8211; pode ser a oportunidade de abrir caminho a um di\u00e1logo oportuno e necess\u00e1rio, a um desabafo \u201csalvador\u201d\u2026 <\/p>\n<p>Q. S.   <\/p>\n","protected":false},"excerpt":{"rendered":"<p>Olho de Lince<\/p>\n","protected":false},"author":1,"featured_media":0,"comment_status":"open","ping_status":"open","sticky":false,"template":"","format":"standard","meta":{"footnotes":""},"categories":[48],"tags":[],"class_list":["post-10765","post","type-post","status-publish","format-standard","hentry","category-espaco-comum"],"_links":{"self":[{"href":"https:\/\/sites.ecclesia.pt\/cv\/wp-json\/wp\/v2\/posts\/10765","targetHints":{"allow":["GET"]}}],"collection":[{"href":"https:\/\/sites.ecclesia.pt\/cv\/wp-json\/wp\/v2\/posts"}],"about":[{"href":"https:\/\/sites.ecclesia.pt\/cv\/wp-json\/wp\/v2\/types\/post"}],"author":[{"embeddable":true,"href":"https:\/\/sites.ecclesia.pt\/cv\/wp-json\/wp\/v2\/users\/1"}],"replies":[{"embeddable":true,"href":"https:\/\/sites.ecclesia.pt\/cv\/wp-json\/wp\/v2\/comments?post=10765"}],"version-history":[{"count":0,"href":"https:\/\/sites.ecclesia.pt\/cv\/wp-json\/wp\/v2\/posts\/10765\/revisions"}],"wp:attachment":[{"href":"https:\/\/sites.ecclesia.pt\/cv\/wp-json\/wp\/v2\/media?parent=10765"}],"wp:term":[{"taxonomy":"category","embeddable":true,"href":"https:\/\/sites.ecclesia.pt\/cv\/wp-json\/wp\/v2\/categories?post=10765"},{"taxonomy":"post_tag","embeddable":true,"href":"https:\/\/sites.ecclesia.pt\/cv\/wp-json\/wp\/v2\/tags?post=10765"}],"curies":[{"name":"wp","href":"https:\/\/api.w.org\/{rel}","templated":true}]}}