{"id":10766,"date":"2007-10-31T16:28:00","date_gmt":"2007-10-31T16:28:00","guid":{"rendered":"http:\/\/localhost:81\/wp1\/?p=10766"},"modified":"2007-10-31T16:28:00","modified_gmt":"2007-10-31T16:28:00","slug":"aveiro-pode-ser-plataforma-na-area-da-comunicacao","status":"publish","type":"post","link":"https:\/\/sites.ecclesia.pt\/cv\/aveiro-pode-ser-plataforma-na-area-da-comunicacao\/","title":{"rendered":"Aveiro pode ser plataforma na \u00e1rea da comunica\u00e7\u00e3o"},"content":{"rendered":"<p>Com o objectivo de se afirmar como a \u201cplataforma de refer\u00eancia, em termos de infra-estruturas e recursos t\u00e9cnicos e humanos, que contribua para a atrac\u00e7\u00e3o de outros p\u00f3los de inova\u00e7\u00e3o para a regi\u00e3o de Aveiro\u201d, a Inova-Ria promoveu o seu 2\u00ba workshop, sob o tema \u201cTelecomunica\u00e7\u00f5es \u2013 O motor da inova-\u00e7\u00e3o na regi\u00e3o de Aveiro\u201d, que decorreu no Museu Mar\u00edtimo de \u00cdlhavo.<\/p>\n<p>A participa\u00e7\u00e3o da Inova-Ria no projecto Telesal, que congrega v\u00e1rias institui\u00e7\u00f5es acad\u00e9micas e empresariais na cria\u00e7\u00e3o de uma rede de excel\u00eancia em telecomunica\u00e7\u00f5es em Aveiro, consubstancia esse objectivo.<\/p>\n<p>O presidente da PT Inova\u00e7\u00e3o e da Assembleia Geral da Inova-Ria, Paulo Nordeste, defendeu o lan\u00e7amento de \u201cAveiro como uma marca que possa atrair inova\u00e7\u00e3o e recursos qualificados\u201d, facto que teria repercuss\u00f5es ao n\u00edvel do emprego qualificado e do volume de vendas para as empresas da regi\u00e3o que operam nesse sector.<\/p>\n<p>Nesse evento, o presidente da AMRia &#8211; Associa\u00e7\u00e3o dos Munic\u00edpios da Ria, que tutela a Aveiro Digital, e da C\u00e2mara Municipal de \u00cdlhavo, Ribau Esteves, n\u00e3o enalteceu a decis\u00e3o do Minist\u00e9rio da Economia de \u201cdeslocalizar\u201d de Coimbra para Aveiro a Delega\u00e7\u00e3o Regional da Economia, dizendo mesmo que a centraliza\u00e7\u00e3o governamental, nomeadamente ao n\u00edvel da gest\u00e3o dos fundos comunit\u00e1rios do QREN, \u00e9 de tal modo elevada que n\u00e3o deixa qualquer margem de manobra para a Delega\u00e7\u00e3o Regional, afirmando que essa delega\u00e7\u00e3o poderia mesmo encerrar.<\/p>\n<p>Para incentivar o crescimento das empresas, Ribau Esteves defendeu a implementa\u00e7\u00e3o de uma descentraliza\u00e7\u00e3o efectiva, e de maior delega\u00e7\u00e3o de poder nos organismos regionais, afirmando que \u201cnenhum dos ministros \u00e9 mais capaz de liderar e retirar todo o proveito da nossa regi\u00e3o do que n\u00f3s pr\u00f3prios\u201d.<\/p>\n<p>O desenvolvimento de sistemas de telecomunica\u00e7\u00f5es e de informa\u00e7\u00e3o tem impactos, de um modo transversal, em quase todas as \u00e1reas de neg\u00f3cios e maximiza a capacidade de crescimento das empresas. Para a Inova-Ria, Aveiro \u00e9 j\u00e1 uma refer\u00eancia internacional no sector de desenvolvimento empresarial na \u00e1rea das telecomunica\u00e7\u00f5es, o que tem contribu\u00eddo para a afirma\u00e7\u00e3o e consolida\u00e7\u00e3o do bin\u00f3mio Aveiro \/ Inova\u00e7\u00e3o. Esse facto pode funcionar como um catalizador para a implanta\u00e7\u00e3o de p\u00f3los de inova\u00e7\u00e3o noutros sectores econ\u00f3micos.<\/p>\n<p>O que \u00e9 a Inova-Ria?<\/p>\n<p>A Inova-Ria \u00e9 uma \u201cassocia\u00e7\u00e3o de empresas para uma rede de inova\u00e7\u00e3o em Aveiro\u201d. Baseada em Aveiro, fundada em 2003 e sem fins lucrativos, tem a miss\u00e3o de \u201ccontribuir para a cria\u00e7\u00e3o e consolida\u00e7\u00e3o de um agrupamento de telecomunica\u00e7\u00f5es que potencie o desenvolvimento e a competitividade da regi\u00e3o\u201d.<\/p>\n<p>De entre os seus membros avultam nomes como a NEC, Nokia Siemens Networks, Ericsson e a PT Inova\u00e7\u00e3o, embora a maioria sejam pequenas e m\u00e9dias empresas das \u00e1reas das telecomunica\u00e7\u00f5es e tecnologias de informa\u00e7\u00e3o.<\/p>\n","protected":false},"excerpt":{"rendered":"<p>Com o objectivo de se afirmar como a \u201cplataforma de refer\u00eancia, em termos de infra-estruturas e recursos t\u00e9cnicos e humanos, que contribua para a atrac\u00e7\u00e3o de outros p\u00f3los de inova\u00e7\u00e3o para a regi\u00e3o de Aveiro\u201d, a Inova-Ria promoveu o seu 2\u00ba workshop, sob o tema \u201cTelecomunica\u00e7\u00f5es \u2013 O motor da inova-\u00e7\u00e3o na regi\u00e3o de Aveiro\u201d, [&hellip;]<\/p>\n","protected":false},"author":1,"featured_media":0,"comment_status":"open","ping_status":"open","sticky":false,"template":"","format":"standard","meta":{"footnotes":""},"categories":[61],"tags":[],"class_list":["post-10766","post","type-post","status-publish","format-standard","hentry","category-actualidade"],"_links":{"self":[{"href":"https:\/\/sites.ecclesia.pt\/cv\/wp-json\/wp\/v2\/posts\/10766","targetHints":{"allow":["GET"]}}],"collection":[{"href":"https:\/\/sites.ecclesia.pt\/cv\/wp-json\/wp\/v2\/posts"}],"about":[{"href":"https:\/\/sites.ecclesia.pt\/cv\/wp-json\/wp\/v2\/types\/post"}],"author":[{"embeddable":true,"href":"https:\/\/sites.ecclesia.pt\/cv\/wp-json\/wp\/v2\/users\/1"}],"replies":[{"embeddable":true,"href":"https:\/\/sites.ecclesia.pt\/cv\/wp-json\/wp\/v2\/comments?post=10766"}],"version-history":[{"count":0,"href":"https:\/\/sites.ecclesia.pt\/cv\/wp-json\/wp\/v2\/posts\/10766\/revisions"}],"wp:attachment":[{"href":"https:\/\/sites.ecclesia.pt\/cv\/wp-json\/wp\/v2\/media?parent=10766"}],"wp:term":[{"taxonomy":"category","embeddable":true,"href":"https:\/\/sites.ecclesia.pt\/cv\/wp-json\/wp\/v2\/categories?post=10766"},{"taxonomy":"post_tag","embeddable":true,"href":"https:\/\/sites.ecclesia.pt\/cv\/wp-json\/wp\/v2\/tags?post=10766"}],"curies":[{"name":"wp","href":"https:\/\/api.w.org\/{rel}","templated":true}]}}