{"id":10767,"date":"2007-10-31T16:30:00","date_gmt":"2007-10-31T16:30:00","guid":{"rendered":"http:\/\/localhost:81\/wp1\/?p=10767"},"modified":"2007-10-31T16:30:00","modified_gmt":"2007-10-31T16:30:00","slug":"o-estado-so-tem-a-ganhar-se-as-familias-promoverem-os-valores-cristaos","status":"publish","type":"post","link":"https:\/\/sites.ecclesia.pt\/cv\/o-estado-so-tem-a-ganhar-se-as-familias-promoverem-os-valores-cristaos\/","title":{"rendered":"O Estado s\u00f3 tem a ganhar, se as fam\u00edlias promoverem os valores crist\u00e3os"},"content":{"rendered":"<p>Jornalista Gra\u00e7a Franco em encontro de casais crist\u00e3os <!--more--> \u201cO Estado \u00e9 o principal interessado na promo\u00e7\u00e3o dos valores crist\u00e3os. Solucionava o d\u00e9fice em tr\u00eas tempos\u201d, afirmou com alguma ironia Gra\u00e7a Franco no encontro sobre \u201cEducar para os valores\u201d, promovido pelas Equipas de Nossa Senhora, na tarde de 27 de Outubro. Perante o audit\u00f3rio do Semin\u00e1rio de Santa Joana repleto de casais de Aveiro, mas tamb\u00e9m de Leiria, Coimbra e Viseu, a jornalista da R\u00e1dio Renascen\u00e7a justificou: \u201cA laboriosidade leva-nos a aumentar a produtividade e a poupan\u00e7a. A solidariedade faz dispensar os servi\u00e7os da Seguran\u00e7a Social. O amor reduz a criminalidade, a marginalidade, o abandono escolar, a viol\u00eancia dom\u00e9stica&#8230; O Estado devia, de facto, estar interessado em promover os valores crist\u00e3os\u201d.<\/p>\n<p>Talvez houvesse alguma ironia nas suas palavras, mas a mensagem a passar era clara. \u201cCabe aos educadores levar [os educandos] a encontrar um sentido para a vida, uma resposta ao \u00abo que \u00e9 que andamos aqui a fazer?\u00bb\u201d, o que s\u00f3 se consegue com a afirma\u00e7\u00e3o de valores s\u00f3lidos. E, neste campo, a fam\u00edlia \u00e9 e ser\u00e1 a institui\u00e7\u00e3o \u201ccom mais for\u00e7a\u201d, ainda que a educa\u00e7\u00e3o escolar ou a comunica\u00e7\u00e3o social tenham influ\u00eancia.<\/p>\n<p>\u201cD\u00e9fice de parentalidade\u201d<\/p>\n<p>Gra\u00e7a Franco reconheceu, no entanto, que actualmente h\u00e1 um \u201cd\u00e9fice de parentalidade\u201d, isto \u00e9, os pais n\u00e3o sabem ser pais. \u201cAs crian\u00e7as n\u00e3o v\u00eam com um livro de instru\u00e7\u00f5es. Dava muito jeito. Antes, havia na fam\u00edlia algu\u00e9m que transmitia a sabedoria. As m\u00e3es ou as sogras ajudavam a cuidar dos netos. Hoje, essa ajuda parental j\u00e1 n\u00e3o \u00e9 muito especializada, n\u00e3o s\u00f3 porque os filhos [casados] vivem longe dos pais, mas tamb\u00e9m porque muitas av\u00f3s s\u00e3o m\u00e3es de um filho \u00fanico\u201d, afirmou.<\/p>\n<p>O \u201cd\u00e9fice de parentalidade\u201d nota-se ainda noutros campos. \u201cQuem faz voluntariado social verifica que h\u00e1 pobreza extrema que adv\u00e9m da falta de compet\u00eancias parentais. Muitos pais n\u00e3o t\u00eam conhecimentos m\u00ednimos de economia dom\u00e9stica. N\u00e3o sabem fazer empad\u00e3o, sopa ou esparguete \u00e0 bolonhesa, \u00abcomida que rende\u00bb. Com pouca coisa conseguimos dar de comer a muita gente. H\u00e1 compet\u00eancias b\u00e1sicas que podem fazer sair uma fam\u00edlia da pobreza\u201d, sublinhou.<\/p>\n<p>Apologia do \u201cn\u00e3o\u201d na educa\u00e7\u00e3o<\/p>\n<p>A jornalista considerou que pode ser \u201cpoliticamente correcto que os av\u00f3s n\u00e3o eduquem os netos\u201d, embora tal papel tamb\u00e9m lhes perten\u00e7a. \u201cEu acho que podem e devem educar os netos. N\u00e3o podem \u00e9 contrariar o projecto educativo dos filhos. Mas era o que faltava que se calassem (&#8230;). Espero poder exercer esse direito de cidadania\u201d, disse. Reportando-se a um texto que leu no col\u00e9gio que os filhos frequentavam, quando trabalhava em Bruxelas, Gra\u00e7a Franco, formada em economia e m\u00e3e de cinco filhos, fez uma \u201capologia do n\u00e3o\u201d na educa\u00e7\u00e3o. Tal texto, na boca de uma crian\u00e7a, referia uma s\u00e9rie de situa\u00e7\u00f5es em que os pais\/educadores deviam dizer \u201cn\u00e3o\u201d, mesmo que tal significasse um aparente sofrimento para o educando. Gra\u00e7a Franco citou-o de cor: \u201cSe eu te pedir um presente, n\u00e3o mo d\u00eas logo. D\u00e1-me tempo para me preparar para o receber. (&#8230;) N\u00e3o deixes de ser quem \u00e9s, s\u00f3 para fazer a minha vontade. (&#8230;) E se eu te disser que \u00e9s uma m\u00e3e muito m\u00e1, resiste a pensar que \u00e9s m\u00e1, porque um dia eu vou dizer que \u00e9s boa, muito boa\u201d.<\/p>\n","protected":false},"excerpt":{"rendered":"<p>Jornalista Gra\u00e7a Franco em encontro de casais crist\u00e3os<\/p>\n","protected":false},"author":1,"featured_media":0,"comment_status":"open","ping_status":"open","sticky":false,"template":"","format":"standard","meta":{"footnotes":""},"categories":[61],"tags":[],"class_list":["post-10767","post","type-post","status-publish","format-standard","hentry","category-actualidade"],"_links":{"self":[{"href":"https:\/\/sites.ecclesia.pt\/cv\/wp-json\/wp\/v2\/posts\/10767","targetHints":{"allow":["GET"]}}],"collection":[{"href":"https:\/\/sites.ecclesia.pt\/cv\/wp-json\/wp\/v2\/posts"}],"about":[{"href":"https:\/\/sites.ecclesia.pt\/cv\/wp-json\/wp\/v2\/types\/post"}],"author":[{"embeddable":true,"href":"https:\/\/sites.ecclesia.pt\/cv\/wp-json\/wp\/v2\/users\/1"}],"replies":[{"embeddable":true,"href":"https:\/\/sites.ecclesia.pt\/cv\/wp-json\/wp\/v2\/comments?post=10767"}],"version-history":[{"count":0,"href":"https:\/\/sites.ecclesia.pt\/cv\/wp-json\/wp\/v2\/posts\/10767\/revisions"}],"wp:attachment":[{"href":"https:\/\/sites.ecclesia.pt\/cv\/wp-json\/wp\/v2\/media?parent=10767"}],"wp:term":[{"taxonomy":"category","embeddable":true,"href":"https:\/\/sites.ecclesia.pt\/cv\/wp-json\/wp\/v2\/categories?post=10767"},{"taxonomy":"post_tag","embeddable":true,"href":"https:\/\/sites.ecclesia.pt\/cv\/wp-json\/wp\/v2\/tags?post=10767"}],"curies":[{"name":"wp","href":"https:\/\/api.w.org\/{rel}","templated":true}]}}