{"id":10768,"date":"2007-10-31T16:32:00","date_gmt":"2007-10-31T16:32:00","guid":{"rendered":"http:\/\/localhost:81\/wp1\/?p=10768"},"modified":"2007-10-31T16:32:00","modified_gmt":"2007-10-31T16:32:00","slug":"universidade-de-aveiro-prepara-se-para-receber-milhares-de-aspirantes-a-cientistas","status":"publish","type":"post","link":"https:\/\/sites.ecclesia.pt\/cv\/universidade-de-aveiro-prepara-se-para-receber-milhares-de-aspirantes-a-cientistas\/","title":{"rendered":"Universidade de Aveiro prepara-se para receber milhares de aspirantes a cientistas"},"content":{"rendered":"<p>Inscri\u00e7\u00f5es abertas em www.ua.pt\/semanaberta <!--more--> \u00c9 uma das iniciativas da Universidade de Aveiro que maior sucesso encontra junto do grande p\u00fablico. A 8\u00aa Semana Aberta da Ci\u00eancia e Tecnologia decorre de 19 a 24 de Novembro e promete transformar todo o Campus Universit\u00e1rio num gigantesco laborat\u00f3rio cient\u00edfico. Entre workshops, jogos, visitas guiadas, exposi\u00e7\u00f5es, palestras, conversas de ci\u00eancia, filmes, espect\u00e1culos, a Universidade oferece 100 actividades de divulga\u00e7\u00e3o cient\u00edfica, em 470 sess\u00f5es. No dia em que as inscri\u00e7\u00f5es abriram em www.ua.pt\/semanaberta, a UA recebeu mais de mil inscri\u00e7\u00f5es, revelando, novamente, a forte ades\u00e3o do p\u00fablico ao evento. A Semana Aberta tem actividades para crian\u00e7as e jovens de todos os graus de ensino, mas tamb\u00e9m para o p\u00fablico em geral. No site referido est\u00e3o dispon\u00edveis os hor\u00e1rios, locais e p\u00fablicos-alvo das actividades.<\/p>\n","protected":false},"excerpt":{"rendered":"<p>Inscri\u00e7\u00f5es abertas em www.ua.pt\/semanaberta<\/p>\n","protected":false},"author":1,"featured_media":0,"comment_status":"open","ping_status":"open","sticky":false,"template":"","format":"standard","meta":{"footnotes":""},"categories":[61],"tags":[],"class_list":["post-10768","post","type-post","status-publish","format-standard","hentry","category-actualidade"],"_links":{"self":[{"href":"https:\/\/sites.ecclesia.pt\/cv\/wp-json\/wp\/v2\/posts\/10768","targetHints":{"allow":["GET"]}}],"collection":[{"href":"https:\/\/sites.ecclesia.pt\/cv\/wp-json\/wp\/v2\/posts"}],"about":[{"href":"https:\/\/sites.ecclesia.pt\/cv\/wp-json\/wp\/v2\/types\/post"}],"author":[{"embeddable":true,"href":"https:\/\/sites.ecclesia.pt\/cv\/wp-json\/wp\/v2\/users\/1"}],"replies":[{"embeddable":true,"href":"https:\/\/sites.ecclesia.pt\/cv\/wp-json\/wp\/v2\/comments?post=10768"}],"version-history":[{"count":0,"href":"https:\/\/sites.ecclesia.pt\/cv\/wp-json\/wp\/v2\/posts\/10768\/revisions"}],"wp:attachment":[{"href":"https:\/\/sites.ecclesia.pt\/cv\/wp-json\/wp\/v2\/media?parent=10768"}],"wp:term":[{"taxonomy":"category","embeddable":true,"href":"https:\/\/sites.ecclesia.pt\/cv\/wp-json\/wp\/v2\/categories?post=10768"},{"taxonomy":"post_tag","embeddable":true,"href":"https:\/\/sites.ecclesia.pt\/cv\/wp-json\/wp\/v2\/tags?post=10768"}],"curies":[{"name":"wp","href":"https:\/\/api.w.org\/{rel}","templated":true}]}}