{"id":10770,"date":"2007-10-31T16:34:00","date_gmt":"2007-10-31T16:34:00","guid":{"rendered":"http:\/\/localhost:81\/wp1\/?p=10770"},"modified":"2007-10-31T16:34:00","modified_gmt":"2007-10-31T16:34:00","slug":"melhor-banda-finalmente-vai-ser-divulgada","status":"publish","type":"post","link":"https:\/\/sites.ecclesia.pt\/cv\/melhor-banda-finalmente-vai-ser-divulgada\/","title":{"rendered":"Melhor banda finalmente vai ser divulgada"},"content":{"rendered":"<p>A segunda eliminat\u00f3ria e divulga\u00e7\u00e3o do primeiro lugar do Concurso de Bandas\u201907 realiza-se no dia 10 de Novembro, pelas 22h30, na Casa do Estudante (Campus Universit\u00e1rio de Santiago \u2013 Agra do Crasto).<\/p>\n<p>O Concurso de Bandas\u201907, integrado na Semana da Juventude \u201cJuv.Move\u201d, que decorreu de 22 a 28 de Setembro de 2007, pretendeu promover a participa\u00e7\u00e3o de bandas e\/ou grupos musicais portugueses, divulgando os novos produtos musicais e promovendo o reconhecimento pelo p\u00fablico de novos talentos.<\/p>\n<p>A primeira eliminat\u00f3ria teve lugar durante a Semana da Juventude, mas, devido ao mau tempo, que se fez sentir no \u00faltimo dia, a segunda eliminat\u00f3ria e, consequente divulga\u00e7\u00e3o do vencedor, foi adiada para o dia 10 de Novembro. A selec\u00e7\u00e3o dos grupos teve como crit\u00e9rios a originalidade, a qualidade vocal e a qualidade t\u00e9cnica dos projectos musicais apresentados, tendo sido seleccionadas seis bandas, mas apenas uma delas obter\u00e1 o primeiro lugar.<\/p>\n","protected":false},"excerpt":{"rendered":"<p>A segunda eliminat\u00f3ria e divulga\u00e7\u00e3o do primeiro lugar do Concurso de Bandas\u201907 realiza-se no dia 10 de Novembro, pelas 22h30, na Casa do Estudante (Campus Universit\u00e1rio de Santiago \u2013 Agra do Crasto). O Concurso de Bandas\u201907, integrado na Semana da Juventude \u201cJuv.Move\u201d, que decorreu de 22 a 28 de Setembro de 2007, pretendeu promover a [&hellip;]<\/p>\n","protected":false},"author":1,"featured_media":0,"comment_status":"open","ping_status":"open","sticky":false,"template":"","format":"standard","meta":{"footnotes":""},"categories":[51],"tags":[],"class_list":["post-10770","post","type-post","status-publish","format-standard","hentry","category-jovens"],"_links":{"self":[{"href":"https:\/\/sites.ecclesia.pt\/cv\/wp-json\/wp\/v2\/posts\/10770","targetHints":{"allow":["GET"]}}],"collection":[{"href":"https:\/\/sites.ecclesia.pt\/cv\/wp-json\/wp\/v2\/posts"}],"about":[{"href":"https:\/\/sites.ecclesia.pt\/cv\/wp-json\/wp\/v2\/types\/post"}],"author":[{"embeddable":true,"href":"https:\/\/sites.ecclesia.pt\/cv\/wp-json\/wp\/v2\/users\/1"}],"replies":[{"embeddable":true,"href":"https:\/\/sites.ecclesia.pt\/cv\/wp-json\/wp\/v2\/comments?post=10770"}],"version-history":[{"count":0,"href":"https:\/\/sites.ecclesia.pt\/cv\/wp-json\/wp\/v2\/posts\/10770\/revisions"}],"wp:attachment":[{"href":"https:\/\/sites.ecclesia.pt\/cv\/wp-json\/wp\/v2\/media?parent=10770"}],"wp:term":[{"taxonomy":"category","embeddable":true,"href":"https:\/\/sites.ecclesia.pt\/cv\/wp-json\/wp\/v2\/categories?post=10770"},{"taxonomy":"post_tag","embeddable":true,"href":"https:\/\/sites.ecclesia.pt\/cv\/wp-json\/wp\/v2\/tags?post=10770"}],"curies":[{"name":"wp","href":"https:\/\/api.w.org\/{rel}","templated":true}]}}