{"id":10771,"date":"2007-10-31T16:35:00","date_gmt":"2007-10-31T16:35:00","guid":{"rendered":"http:\/\/localhost:81\/wp1\/?p=10771"},"modified":"2007-10-31T16:35:00","modified_gmt":"2007-10-31T16:35:00","slug":"iset-e-seminario-de-coimbra-inauguraram-nova-biblioteca","status":"publish","type":"post","link":"https:\/\/sites.ecclesia.pt\/cv\/iset-e-seminario-de-coimbra-inauguraram-nova-biblioteca\/","title":{"rendered":"ISET e Semin\u00e1rio de Coimbra inauguraram nova biblioteca"},"content":{"rendered":"<p>Foi inaugurada no dia 25 de Outubro a nova Biblioteca do Semin\u00e1rio e do ISET (Instituto Superior de Estudos Teol\u00f3gicos) de Coimbra. Constitu\u00edda por dois fundos, vindos de ambas as institui\u00e7\u00f5es, esta nova estrutura pretende servir n\u00e3o apenas os alunos de teologia, mas todos os estudiosos interessados em assuntos de cultura crist\u00e3.<\/p>\n<p>Instalada na cave da chamada \u201cCasa Nov\u00edssima\u201d, no Semin\u00e1rio, a nova biblioteca integra cerca de dez mil t\u00edtulos, muitos deles j\u00e1 informatizados.<\/p>\n<p>O Semin\u00e1rio de Coimbra \u00e9 frequentado pelos seminaristas das dioceses de Coimbra, Aveiro, Leiria-F\u00e1tima e Portalegre e Castelo Branco.<\/p>\n","protected":false},"excerpt":{"rendered":"<p>Foi inaugurada no dia 25 de Outubro a nova Biblioteca do Semin\u00e1rio e do ISET (Instituto Superior de Estudos Teol\u00f3gicos) de Coimbra. Constitu\u00edda por dois fundos, vindos de ambas as institui\u00e7\u00f5es, esta nova estrutura pretende servir n\u00e3o apenas os alunos de teologia, mas todos os estudiosos interessados em assuntos de cultura crist\u00e3. Instalada na cave [&hellip;]<\/p>\n","protected":false},"author":1,"featured_media":0,"comment_status":"open","ping_status":"open","sticky":false,"template":"","format":"standard","meta":{"footnotes":""},"categories":[51],"tags":[],"class_list":["post-10771","post","type-post","status-publish","format-standard","hentry","category-jovens"],"_links":{"self":[{"href":"https:\/\/sites.ecclesia.pt\/cv\/wp-json\/wp\/v2\/posts\/10771","targetHints":{"allow":["GET"]}}],"collection":[{"href":"https:\/\/sites.ecclesia.pt\/cv\/wp-json\/wp\/v2\/posts"}],"about":[{"href":"https:\/\/sites.ecclesia.pt\/cv\/wp-json\/wp\/v2\/types\/post"}],"author":[{"embeddable":true,"href":"https:\/\/sites.ecclesia.pt\/cv\/wp-json\/wp\/v2\/users\/1"}],"replies":[{"embeddable":true,"href":"https:\/\/sites.ecclesia.pt\/cv\/wp-json\/wp\/v2\/comments?post=10771"}],"version-history":[{"count":0,"href":"https:\/\/sites.ecclesia.pt\/cv\/wp-json\/wp\/v2\/posts\/10771\/revisions"}],"wp:attachment":[{"href":"https:\/\/sites.ecclesia.pt\/cv\/wp-json\/wp\/v2\/media?parent=10771"}],"wp:term":[{"taxonomy":"category","embeddable":true,"href":"https:\/\/sites.ecclesia.pt\/cv\/wp-json\/wp\/v2\/categories?post=10771"},{"taxonomy":"post_tag","embeddable":true,"href":"https:\/\/sites.ecclesia.pt\/cv\/wp-json\/wp\/v2\/tags?post=10771"}],"curies":[{"name":"wp","href":"https:\/\/api.w.org\/{rel}","templated":true}]}}