{"id":10772,"date":"2007-10-31T16:36:00","date_gmt":"2007-10-31T16:36:00","guid":{"rendered":"http:\/\/localhost:81\/wp1\/?p=10772"},"modified":"2007-10-31T16:36:00","modified_gmt":"2007-10-31T16:36:00","slug":"nao-conduzas-sem-carta-de-conducao","status":"publish","type":"post","link":"https:\/\/sites.ecclesia.pt\/cv\/nao-conduzas-sem-carta-de-conducao\/","title":{"rendered":"N\u00e3o conduzas sem carta de condu\u00e7\u00e3o!"},"content":{"rendered":"<p>Questionar, Aprofundar, Humanizar, Animar, e Libertar \u2013 esta \u00e9 a proposta do projecto QAHAL, promovido pelo SDPJV Aveiro.<\/p>\n<p>Foram 30 os animadores que viveram um fim de semana intenso, em contexto de forma\u00e7\u00e3o sistem\u00e1tica.<\/p>\n<p>A cooperativa de Evangeliza\u00e7\u00e3o Didak\u00e9, dos Salesianos, com os formadores S\u00e9rgio Lopes e Pe. Rui Alberto, orientou os trabalhos durante os tr\u00eas dias.<\/p>\n<p>Num tempo em que encontramos sinais vis\u00edveis de um dinamismo crescente no \u00e2mbito da pastoral juvenil, torna-se urgente a forma\u00e7\u00e3o s\u00e9ria dos animadores dos grupos de jovens.<\/p>\n<p>\u00c9 evidente que n\u00e3o \u00e9 de todo aconselh\u00e1vel que algu\u00e9m conduza sem carta de condu\u00e7\u00e3o. Pois bem, o animador de pastoral juvenil necessita tamb\u00e9m de se dotar das ferramentas necess\u00e1rias para conduzir o grupo.<\/p>\n<p>Este programa de forma\u00e7\u00e3o percorre quatro grandes \u00e1reas de aten\u00e7\u00e3o: a pastoral juvenil, o animador, a an\u00e1lise da realidade e as metodologias, reflectidas, aprofundadas e praticadas em dois fins-de-semana.<\/p>\n<p>Funcionaram dois grupos de forma\u00e7\u00e3o em simult\u00e2neo. Um dos grupos terminou esta etapa de forma\u00e7\u00e3o, com a 2\u00aa sess\u00e3o do QAHAL I, e o 2\u00ba grupo iniciou a 1\u00aa sess\u00e3o, que ir\u00e1 terminar em Abril de 2008.<\/p>\n<p>Os animadores foram desafiados a fazerem uma avalia\u00e7\u00e3o pessoal da forma\u00e7\u00e3o, encarnando-a na realidade concreta dos seus grupos e foram convidados a partilharem-na com os formadores, permitindo assim um desenvolvimento pessoal num processo de crescimento cont\u00ednuo.<\/p>\n<p>Ficou lan\u00e7ado o desafio \u00e0 coragem de descal\u00e7armos os nossos sapatos e colocarmos os p\u00e9s no terreno do outro, que \u00e9 o jovem que animamos!<\/p>\n<p>SDPJV<\/p>\n","protected":false},"excerpt":{"rendered":"<p>Questionar, Aprofundar, Humanizar, Animar, e Libertar \u2013 esta \u00e9 a proposta do projecto QAHAL, promovido pelo SDPJV Aveiro. Foram 30 os animadores que viveram um fim de semana intenso, em contexto de forma\u00e7\u00e3o sistem\u00e1tica. A cooperativa de Evangeliza\u00e7\u00e3o Didak\u00e9, dos Salesianos, com os formadores S\u00e9rgio Lopes e Pe. Rui Alberto, orientou os trabalhos durante os [&hellip;]<\/p>\n","protected":false},"author":1,"featured_media":0,"comment_status":"open","ping_status":"open","sticky":false,"template":"","format":"standard","meta":{"footnotes":""},"categories":[51],"tags":[],"class_list":["post-10772","post","type-post","status-publish","format-standard","hentry","category-jovens"],"_links":{"self":[{"href":"https:\/\/sites.ecclesia.pt\/cv\/wp-json\/wp\/v2\/posts\/10772","targetHints":{"allow":["GET"]}}],"collection":[{"href":"https:\/\/sites.ecclesia.pt\/cv\/wp-json\/wp\/v2\/posts"}],"about":[{"href":"https:\/\/sites.ecclesia.pt\/cv\/wp-json\/wp\/v2\/types\/post"}],"author":[{"embeddable":true,"href":"https:\/\/sites.ecclesia.pt\/cv\/wp-json\/wp\/v2\/users\/1"}],"replies":[{"embeddable":true,"href":"https:\/\/sites.ecclesia.pt\/cv\/wp-json\/wp\/v2\/comments?post=10772"}],"version-history":[{"count":0,"href":"https:\/\/sites.ecclesia.pt\/cv\/wp-json\/wp\/v2\/posts\/10772\/revisions"}],"wp:attachment":[{"href":"https:\/\/sites.ecclesia.pt\/cv\/wp-json\/wp\/v2\/media?parent=10772"}],"wp:term":[{"taxonomy":"category","embeddable":true,"href":"https:\/\/sites.ecclesia.pt\/cv\/wp-json\/wp\/v2\/categories?post=10772"},{"taxonomy":"post_tag","embeddable":true,"href":"https:\/\/sites.ecclesia.pt\/cv\/wp-json\/wp\/v2\/tags?post=10772"}],"curies":[{"name":"wp","href":"https:\/\/api.w.org\/{rel}","templated":true}]}}