{"id":10773,"date":"2007-10-31T16:39:00","date_gmt":"2007-10-31T16:39:00","guid":{"rendered":"http:\/\/localhost:81\/wp1\/?p=10773"},"modified":"2007-10-31T16:39:00","modified_gmt":"2007-10-31T16:39:00","slug":"aprender-cinema-entrando-no-proprio-filme","status":"publish","type":"post","link":"https:\/\/sites.ecclesia.pt\/cv\/aprender-cinema-entrando-no-proprio-filme\/","title":{"rendered":"Aprender cinema entrando no pr\u00f3prio filme"},"content":{"rendered":"<p>Workshop &#8220;O que \u00e9 Cinema&#8221; <!--more--> Decorre, nos dias 10, 17 e 24 de Novembro, das 14h30 \u00e0s 17h30, e dia 20, das 18h \u00e0s 21h, na Casa Municipal da Juventude de Aveiro, o workshop \u201cO que \u00e9 Cinema\u201d.<\/p>\n<p>Limitadas a 15 participantes, as inscri\u00e7\u00f5es poder\u00e3o ser feitas at\u00e9 7 de Novembro, na Casa Municipal da Juventude de Aveiro. O valor da inscri\u00e7\u00e3o \u00e9 de 20 euros.<\/p>\n<p>O workshop tem por objectivo sensibilizar de forma l\u00fadica e educativa as novas gera\u00e7\u00f5es. \u201cO contacto te\u00f3rico e pr\u00e1tico com a arte do cinema vai permitir desenvolver as capacidades art\u00edsticas e criativas dos participantes\u201d, refere a organiza\u00e7\u00e3o.<\/p>\n<p>Cada participante ter\u00e1 a oportunidade de realizar uma cena no filme. O resultado total das cenas formar\u00e1 um filme colectivo, centrado no tema \u201cO que \u00e9 cinema\u201d, discutido e desenvolvido ao longo das aulas.<\/p>\n<p>No \u00e2mbito das filmagens, os formandos v\u00e3o ter a oportunidade de revelar a sua identidade como autores, numa forma de express\u00e3o singular e \u00fanica, marcada pela total liberdade de encena\u00e7\u00e3o e tomada de vista de cada um\u201d, afirma a organiza\u00e7\u00e3o.<\/p>\n<p>Os orientadores ser\u00e3o Pedro Azevedo Dias e Tiago Ara\u00fajo e Gama.<\/p>\n<p>Pedro Azevedo Dias tem licenciatura no Curso de Cine-V\u00eddeo (Escola Superior Art\u00edstica do Porto) realizou e co-realizou diversos filmes. Tiago Ara\u00fajo e Gama tem experi\u00eancia no desenvolvimento de diversos produtos publicit\u00e1rios. \u00c9 co-autor de performances visuais (Casa da M\u00fasica em 2006) e frequenta o Master de Cinema Documental e Sociedade na Escola Superior de Cinema e \u00c1udio Visual da Catalunha.<\/p>\n<p>Mais informa\u00e7\u00f5es: telefone 234 406 522; e-mail cmjuventude @cm-aveiro.pt.<\/p>\n","protected":false},"excerpt":{"rendered":"<p>Workshop &#8220;O que \u00e9 Cinema&#8221;<\/p>\n","protected":false},"author":1,"featured_media":0,"comment_status":"open","ping_status":"open","sticky":false,"template":"","format":"standard","meta":{"footnotes":""},"categories":[51],"tags":[],"class_list":["post-10773","post","type-post","status-publish","format-standard","hentry","category-jovens"],"_links":{"self":[{"href":"https:\/\/sites.ecclesia.pt\/cv\/wp-json\/wp\/v2\/posts\/10773","targetHints":{"allow":["GET"]}}],"collection":[{"href":"https:\/\/sites.ecclesia.pt\/cv\/wp-json\/wp\/v2\/posts"}],"about":[{"href":"https:\/\/sites.ecclesia.pt\/cv\/wp-json\/wp\/v2\/types\/post"}],"author":[{"embeddable":true,"href":"https:\/\/sites.ecclesia.pt\/cv\/wp-json\/wp\/v2\/users\/1"}],"replies":[{"embeddable":true,"href":"https:\/\/sites.ecclesia.pt\/cv\/wp-json\/wp\/v2\/comments?post=10773"}],"version-history":[{"count":0,"href":"https:\/\/sites.ecclesia.pt\/cv\/wp-json\/wp\/v2\/posts\/10773\/revisions"}],"wp:attachment":[{"href":"https:\/\/sites.ecclesia.pt\/cv\/wp-json\/wp\/v2\/media?parent=10773"}],"wp:term":[{"taxonomy":"category","embeddable":true,"href":"https:\/\/sites.ecclesia.pt\/cv\/wp-json\/wp\/v2\/categories?post=10773"},{"taxonomy":"post_tag","embeddable":true,"href":"https:\/\/sites.ecclesia.pt\/cv\/wp-json\/wp\/v2\/tags?post=10773"}],"curies":[{"name":"wp","href":"https:\/\/api.w.org\/{rel}","templated":true}]}}