{"id":10774,"date":"2007-10-31T16:40:00","date_gmt":"2007-10-31T16:40:00","guid":{"rendered":"http:\/\/localhost:81\/wp1\/?p=10774"},"modified":"2007-10-31T16:40:00","modified_gmt":"2007-10-31T16:40:00","slug":"arte-estria-colapso-no-dia-das-bruxas","status":"publish","type":"post","link":"https:\/\/sites.ecclesia.pt\/cv\/arte-estria-colapso-no-dia-das-bruxas\/","title":{"rendered":"ArT\u00ea estria &#8220;Colapso&#8221; no &#8220;Dia das Bruxas&#8221;"},"content":{"rendered":"<p>Estarreja <!--more--> A ArT\u00ea &#8211; Companhia de Teatro de Estarreja, estreia hoje, 31 de Outubro, \u00e0s 21h30, na Pra\u00e7a Francisco Barbosa, em Estarreja, o espect\u00e1culo de rua \u201cColapso\u201d, que consiste em performances de fogo, dan\u00e7a e teatro, acompanhadas de m\u00fasica e imagens.<\/p>\n<p>\u201cOs crimes humanos, sociais e ambientais, a degrada\u00e7\u00e3o constante da sociedade e da vida no planeta colocam os humanos perante uma situa\u00e7\u00e3o de ju\u00edzo final que as castigar\u00e1 e far\u00e1 pensar sobre o rumo a tomar para uma mudan\u00e7a de atitude. Ter\u00e1 o Homem for\u00e7as para mudar e para se transformar? Ter\u00e1 o planeta fontes para se regenerar e recuperar das maleitas impostas pelo Homem? Qual \u00e9 o futuro desta bola cada vez menos azul e verde e dos que nela habitam?\u201d, diz a ArT\u00ea, que, com estas interroga\u00e7\u00f5es, convida a assistir ao espect\u00e1culo.<\/p>\n<p>A Art\u00ea pretende assinalar o Dia das Bruxas de uma forma diferente e, ao mesmo tempo, \u201ctrazer p\u00fablico \u00e0s ruas do centro da cidade estarrejense e motivar as pessoas a sair de casa para ver novas formas de espect\u00e1culo e de divers\u00e3o\u201d.<\/p>\n","protected":false},"excerpt":{"rendered":"<p>Estarreja<\/p>\n","protected":false},"author":1,"featured_media":0,"comment_status":"open","ping_status":"open","sticky":false,"template":"","format":"standard","meta":{"footnotes":""},"categories":[51],"tags":[],"class_list":["post-10774","post","type-post","status-publish","format-standard","hentry","category-jovens"],"_links":{"self":[{"href":"https:\/\/sites.ecclesia.pt\/cv\/wp-json\/wp\/v2\/posts\/10774","targetHints":{"allow":["GET"]}}],"collection":[{"href":"https:\/\/sites.ecclesia.pt\/cv\/wp-json\/wp\/v2\/posts"}],"about":[{"href":"https:\/\/sites.ecclesia.pt\/cv\/wp-json\/wp\/v2\/types\/post"}],"author":[{"embeddable":true,"href":"https:\/\/sites.ecclesia.pt\/cv\/wp-json\/wp\/v2\/users\/1"}],"replies":[{"embeddable":true,"href":"https:\/\/sites.ecclesia.pt\/cv\/wp-json\/wp\/v2\/comments?post=10774"}],"version-history":[{"count":0,"href":"https:\/\/sites.ecclesia.pt\/cv\/wp-json\/wp\/v2\/posts\/10774\/revisions"}],"wp:attachment":[{"href":"https:\/\/sites.ecclesia.pt\/cv\/wp-json\/wp\/v2\/media?parent=10774"}],"wp:term":[{"taxonomy":"category","embeddable":true,"href":"https:\/\/sites.ecclesia.pt\/cv\/wp-json\/wp\/v2\/categories?post=10774"},{"taxonomy":"post_tag","embeddable":true,"href":"https:\/\/sites.ecclesia.pt\/cv\/wp-json\/wp\/v2\/tags?post=10774"}],"curies":[{"name":"wp","href":"https:\/\/api.w.org\/{rel}","templated":true}]}}